{"id":21333,"date":"2019-08-12T16:34:57","date_gmt":"2019-08-12T16:34:57","guid":{"rendered":"https:\/\/sertv.gob.pa\/crisolfm\/?p=21333"},"modified":"2019-08-12T16:34:57","modified_gmt":"2019-08-12T16:34:57","slug":"cop25-la-reunion-de-estados-para-combatir-la-crisis-climatica","status":"publish","type":"post","link":"https:\/\/sertv.gob.pa\/crisolfm\/cop25-la-reunion-de-estados-para-combatir-la-crisis-climatica\/","title":{"rendered":"COP25, la reuni\u00f3n de Estados para combatir la crisis clim\u00e1tica"},"content":{"rendered":"<p>El tratado se firm\u00f3 en la Cumbre de la Tierra de 1992 y entr\u00f3 en vigor en 1994.\u00a0Este a\u00f1o la\u00a0<strong>COP25<\/strong>\u00a0es en Santiago de Chile del 2 al 13 de diciembre de 2019. Las Partes se reunir\u00e1n en su cita anual para revisar los avances en la lucha clim\u00e1tica y proponer, evaluar y aprobar nuevos instrumentos de actuaci\u00f3n que favorezcan la implementaci\u00f3n de la Convenci\u00f3n.<\/p>\n<p><strong>\u00bfPor qu\u00e9 en Chile?<\/strong><\/p>\n<p>Chile es un pa\u00eds muy vulnerable al cambio clim\u00e1tico. A pesar de solo ser responsable del 0,25% de las emisiones mundiales, se sit\u00faa entre las 10 naciones m\u00e1s afectadas por la emergencia clim\u00e1tica, ya que cumple 7 de las 9 condiciones de vulnerabilidad establecidas por la Organizaci\u00f3n de las Naciones Unidas.<\/p>\n<p>Anteriormente al gran evento mundial de la COP, se celebrar\u00e1 la\u00a0<strong>Cumbre de Acci\u00f3n Clim\u00e1tica 2019<\/strong>\u00a0el 23 de septiembre en\u00a0<strong>Nueva York<\/strong>. El objetivo de este encuentro ser\u00e1 que los l\u00edderes de los pa\u00edses pongan sobre la mesa planes concretos y realistas para mejorar sus contribuciones concretas a nivel nacional para 2020, siguiendo la directriz de reducir las emisiones de gases de efecto invernadero un 45% en los pr\u00f3ximos diez a\u00f1os y a cero para 2050.<\/p>\n<p><strong>ECOticias<\/strong><\/p>\n<p>&nbsp;<\/p>\n","protected":false},"excerpt":{"rendered":"<p>El tratado se firm\u00f3 en la Cumbre de la Tierra <a href=\"https:\/\/sertv.gob.pa\/crisolfm\/cop25-la-reunion-de-estados-para-combatir-la-crisis-climatica\/\"> [&#8230;]<\/a><\/p>\n","protected":false},"author":64,"featured_media":21334,"comment_status":"closed","ping_status":"closed","sticky":false,"template":"","format":"standard","meta":{"footnotes":""},"categories":[7],"tags":[],"class_list":["post-21333","post","type-post","status-publish","format-standard","has-post-thumbnail","hentry","category-ecologicas"],"_links":{"self":[{"href":"https:\/\/sertv.gob.pa\/crisolfm\/wp-json\/wp\/v2\/posts\/21333","targetHints":{"allow":["GET"]}}],"collection":[{"href":"https:\/\/sertv.gob.pa\/crisolfm\/wp-json\/wp\/v2\/posts"}],"about":[{"href":"https:\/\/sertv.gob.pa\/crisolfm\/wp-json\/wp\/v2\/types\/post"}],"author":[{"embeddable":true,"href":"https:\/\/sertv.gob.pa\/crisolfm\/wp-json\/wp\/v2\/users\/64"}],"replies":[{"embeddable":true,"href":"https:\/\/sertv.gob.pa\/crisolfm\/wp-json\/wp\/v2\/comments?post=21333"}],"version-history":[{"count":1,"href":"https:\/\/sertv.gob.pa\/crisolfm\/wp-json\/wp\/v2\/posts\/21333\/revisions"}],"predecessor-version":[{"id":21335,"href":"https:\/\/sertv.gob.pa\/crisolfm\/wp-json\/wp\/v2\/posts\/21333\/revisions\/21335"}],"wp:featuredmedia":[{"embeddable":true,"href":"https:\/\/sertv.gob.pa\/crisolfm\/wp-json\/wp\/v2\/media\/21334"}],"wp:attachment":[{"href":"https:\/\/sertv.gob.pa\/crisolfm\/wp-json\/wp\/v2\/media?parent=21333"}],"wp:term":[{"taxonomy":"category","embeddable":true,"href":"https:\/\/sertv.gob.pa\/crisolfm\/wp-json\/wp\/v2\/categories?post=21333"},{"taxonomy":"post_tag","embeddable":true,"href":"https:\/\/sertv.gob.pa\/crisolfm\/wp-json\/wp\/v2\/tags?post=21333"}],"curies":[{"name":"wp","href":"https:\/\/api.w.org\/{rel}","templated":true}]}}