{"id":21339,"date":"2019-08-13T13:42:31","date_gmt":"2019-08-13T13:42:31","guid":{"rendered":"https:\/\/sertv.gob.pa\/crisolfm\/?p=21339"},"modified":"2019-08-13T13:42:31","modified_gmt":"2019-08-13T13:42:31","slug":"escritora-berta-alicia-chen-presentara-nueva-obra-en-fil-2019","status":"publish","type":"post","link":"https:\/\/sertv.gob.pa\/crisolfm\/escritora-berta-alicia-chen-presentara-nueva-obra-en-fil-2019\/","title":{"rendered":"Escritora Berta Alicia Chen presentar\u00e1 nueva obra en FIL 2019"},"content":{"rendered":"<p>La escritora paname\u00f1a, Berta Alicia Chen, presentar\u00e1 su nueva obra, <strong>Relaciones entre Panam\u00e1 y China (siglos XIX, XX y XXI)<\/strong>, en la Feria Internacional del Libro de Panam\u00e1, este mi\u00e9rcoles 14 en el sal\u00f3n Boquete del Centro de Convenciones Atlapa, a las 8:00 p.m.<\/p>\n<p>La autora coment\u00f3 que el libro aborda los v\u00ednculos diplom\u00e1ticos desde el siglo XIX con el imperio chino, la Rep\u00fablica de China, Taiw\u00e1n y la Rep\u00fablica Popular China. Igualmente contiene los hechos posteriores al establecimiento de las relaciones entre Panam\u00e1 y el pa\u00eds m\u00e1s poblado del mundo.<\/p>\n<p>El libro <strong>Relaciones entre Panam\u00e1 y China (siglos XIX, XX y XXI)<\/strong> dedica apartados especiales a las \u2018Oportunidades, inquietudes y retos\u2019, \u2018El Canal de Panam\u00e1 y China\u2019, \u2018Acuerdos suscritos entre Panam\u00e1 y China\u2019, entre otros temas comerciales e hist\u00f3ricos.<\/p>\n<p>&nbsp;<\/p>\n","protected":false},"excerpt":{"rendered":"<p>La escritora paname\u00f1a, Berta Alicia Chen, presentar\u00e1 su nueva obra, <a href=\"https:\/\/sertv.gob.pa\/crisolfm\/escritora-berta-alicia-chen-presentara-nueva-obra-en-fil-2019\/\"> [&#8230;]<\/a><\/p>\n","protected":false},"author":64,"featured_media":21340,"comment_status":"closed","ping_status":"closed","sticky":false,"template":"","format":"standard","meta":{"footnotes":""},"categories":[6],"tags":[],"class_list":["post-21339","post","type-post","status-publish","format-standard","has-post-thumbnail","hentry","category-culturales"],"_links":{"self":[{"href":"https:\/\/sertv.gob.pa\/crisolfm\/wp-json\/wp\/v2\/posts\/21339","targetHints":{"allow":["GET"]}}],"collection":[{"href":"https:\/\/sertv.gob.pa\/crisolfm\/wp-json\/wp\/v2\/posts"}],"about":[{"href":"https:\/\/sertv.gob.pa\/crisolfm\/wp-json\/wp\/v2\/types\/post"}],"author":[{"embeddable":true,"href":"https:\/\/sertv.gob.pa\/crisolfm\/wp-json\/wp\/v2\/users\/64"}],"replies":[{"embeddable":true,"href":"https:\/\/sertv.gob.pa\/crisolfm\/wp-json\/wp\/v2\/comments?post=21339"}],"version-history":[{"count":1,"href":"https:\/\/sertv.gob.pa\/crisolfm\/wp-json\/wp\/v2\/posts\/21339\/revisions"}],"predecessor-version":[{"id":21341,"href":"https:\/\/sertv.gob.pa\/crisolfm\/wp-json\/wp\/v2\/posts\/21339\/revisions\/21341"}],"wp:featuredmedia":[{"embeddable":true,"href":"https:\/\/sertv.gob.pa\/crisolfm\/wp-json\/wp\/v2\/media\/21340"}],"wp:attachment":[{"href":"https:\/\/sertv.gob.pa\/crisolfm\/wp-json\/wp\/v2\/media?parent=21339"}],"wp:term":[{"taxonomy":"category","embeddable":true,"href":"https:\/\/sertv.gob.pa\/crisolfm\/wp-json\/wp\/v2\/categories?post=21339"},{"taxonomy":"post_tag","embeddable":true,"href":"https:\/\/sertv.gob.pa\/crisolfm\/wp-json\/wp\/v2\/tags?post=21339"}],"curies":[{"name":"wp","href":"https:\/\/api.w.org\/{rel}","templated":true}]}}