{"id":21342,"date":"2019-08-13T13:51:45","date_gmt":"2019-08-13T13:51:45","guid":{"rendered":"https:\/\/sertv.gob.pa\/crisolfm\/?p=21342"},"modified":"2019-08-13T13:51:45","modified_gmt":"2019-08-13T13:51:45","slug":"nuevo-disco-en-homenaje-a-panama-lanza-erika-ender","status":"publish","type":"post","link":"https:\/\/sertv.gob.pa\/crisolfm\/nuevo-disco-en-homenaje-a-panama-lanza-erika-ender\/","title":{"rendered":"Nuevo disco en homenaje a Panam\u00e1 lanza Erika Ender"},"content":{"rendered":"<p>En el disco Panam\u00e1 M\u00eda, la cantautora paname\u00f1a rinde tributo a los 500 a\u00f1os de fundaci\u00f3n de la ciudad de Panam\u00e1. Entre las canciones que contiene el \u00e1lbum est\u00e1n: \u2018El lugar que me vio nacer&#8217;, \u2018Mi Canal&#8217;, \u2018Somos Panam\u00e1&#8217; y \u2018Siembro mi vida&#8217;, todas de la autor\u00eda de Erika Ender. Incluye el cl\u00e1sico \u2018Panam\u00e1 Viejo&#8217;, escrito por Ricardo F\u00e1brega, cuyo v\u00eddeo a piano y voz fue estrenado en Youtube, el pasado 15 de julio.<\/p>\n<p>En este trabajo musical, Ender igualmente integra los temas \u2018Has estado en Panam\u00e1&#8217; y \u2018Panam\u00e1 la verde&#8217;, tamboreras de su padre, Carl Ender, con las que Erika empez\u00f3 su carrera en suelo patrio a principios de los a\u00f1os 90.<\/p>\n<p>&nbsp;<\/p>\n","protected":false},"excerpt":{"rendered":"<p>En el disco Panam\u00e1 M\u00eda, la cantautora paname\u00f1a rinde tributo <a href=\"https:\/\/sertv.gob.pa\/crisolfm\/nuevo-disco-en-homenaje-a-panama-lanza-erika-ender\/\"> [&#8230;]<\/a><\/p>\n","protected":false},"author":64,"featured_media":21343,"comment_status":"closed","ping_status":"closed","sticky":false,"template":"","format":"standard","meta":{"footnotes":""},"categories":[6],"tags":[],"class_list":["post-21342","post","type-post","status-publish","format-standard","has-post-thumbnail","hentry","category-culturales"],"_links":{"self":[{"href":"https:\/\/sertv.gob.pa\/crisolfm\/wp-json\/wp\/v2\/posts\/21342","targetHints":{"allow":["GET"]}}],"collection":[{"href":"https:\/\/sertv.gob.pa\/crisolfm\/wp-json\/wp\/v2\/posts"}],"about":[{"href":"https:\/\/sertv.gob.pa\/crisolfm\/wp-json\/wp\/v2\/types\/post"}],"author":[{"embeddable":true,"href":"https:\/\/sertv.gob.pa\/crisolfm\/wp-json\/wp\/v2\/users\/64"}],"replies":[{"embeddable":true,"href":"https:\/\/sertv.gob.pa\/crisolfm\/wp-json\/wp\/v2\/comments?post=21342"}],"version-history":[{"count":1,"href":"https:\/\/sertv.gob.pa\/crisolfm\/wp-json\/wp\/v2\/posts\/21342\/revisions"}],"predecessor-version":[{"id":21344,"href":"https:\/\/sertv.gob.pa\/crisolfm\/wp-json\/wp\/v2\/posts\/21342\/revisions\/21344"}],"wp:featuredmedia":[{"embeddable":true,"href":"https:\/\/sertv.gob.pa\/crisolfm\/wp-json\/wp\/v2\/media\/21343"}],"wp:attachment":[{"href":"https:\/\/sertv.gob.pa\/crisolfm\/wp-json\/wp\/v2\/media?parent=21342"}],"wp:term":[{"taxonomy":"category","embeddable":true,"href":"https:\/\/sertv.gob.pa\/crisolfm\/wp-json\/wp\/v2\/categories?post=21342"},{"taxonomy":"post_tag","embeddable":true,"href":"https:\/\/sertv.gob.pa\/crisolfm\/wp-json\/wp\/v2\/tags?post=21342"}],"curies":[{"name":"wp","href":"https:\/\/api.w.org\/{rel}","templated":true}]}}