{"id":21349,"date":"2019-08-13T14:18:16","date_gmt":"2019-08-13T14:18:16","guid":{"rendered":"https:\/\/sertv.gob.pa\/crisolfm\/?p=21349"},"modified":"2019-08-13T14:18:16","modified_gmt":"2019-08-13T14:18:16","slug":"congreso-mundial-de-hidraulica-2019-se-realizara-en-panama","status":"publish","type":"post","link":"https:\/\/sertv.gob.pa\/crisolfm\/congreso-mundial-de-hidraulica-2019-se-realizara-en-panama\/","title":{"rendered":"Congreso Mundial de Hidr\u00e1ulica 2019 se realizar\u00e1 en Panam\u00e1"},"content":{"rendered":"<p>La protecci\u00f3n y resiliencia h\u00eddrica ser\u00e1 el punto de enfoque del Congreso Mundial de Hidr\u00e1ulica 2019, que se llevar\u00e1 a cabo en Panam\u00e1 del 1 al 6 de septiembre de este a\u00f1o y en la que participar\u00e1n m\u00e1s de 1.000 expertos, informaron este lunes promotores del evento.<\/p>\n<p>La actividad, que concentrar\u00e1 a los l\u00edderes internacionales de la industria, busca a la vez analizar igualmente las nuevas tecnolog\u00edas que se utilizan en la administraci\u00f3n acu\u00e1tica, destac\u00f3 en un comunicado la Secretar\u00eda Nacional de Ciencia, Tecnolog\u00eda e Innovaci\u00f3n (Senacyt).<\/p>\n<p>Uno de los principales talleres que se efectuar\u00e1 ser\u00e1 el de la \u00abSeguridad H\u00eddrica: Identificaci\u00f3n de \u00e1reas claves de vulnerabilidad y mejoramiento de la resiliencia\u00bb, que contar\u00e1 con la ponencia del director de Gesti\u00f3n Global de Desastres, Asistencia Humanitaria y Seguridad Nacional de la Universidad del Sur de Florida en Estados Unidos, Anthony Masys.<\/p>\n<p>EFE<\/p>\n","protected":false},"excerpt":{"rendered":"<p>La protecci\u00f3n y resiliencia h\u00eddrica ser\u00e1 el punto de enfoque <a href=\"https:\/\/sertv.gob.pa\/crisolfm\/congreso-mundial-de-hidraulica-2019-se-realizara-en-panama\/\"> [&#8230;]<\/a><\/p>\n","protected":false},"author":64,"featured_media":21350,"comment_status":"closed","ping_status":"closed","sticky":false,"template":"","format":"standard","meta":{"footnotes":""},"categories":[7],"tags":[],"class_list":["post-21349","post","type-post","status-publish","format-standard","has-post-thumbnail","hentry","category-ecologicas"],"_links":{"self":[{"href":"https:\/\/sertv.gob.pa\/crisolfm\/wp-json\/wp\/v2\/posts\/21349","targetHints":{"allow":["GET"]}}],"collection":[{"href":"https:\/\/sertv.gob.pa\/crisolfm\/wp-json\/wp\/v2\/posts"}],"about":[{"href":"https:\/\/sertv.gob.pa\/crisolfm\/wp-json\/wp\/v2\/types\/post"}],"author":[{"embeddable":true,"href":"https:\/\/sertv.gob.pa\/crisolfm\/wp-json\/wp\/v2\/users\/64"}],"replies":[{"embeddable":true,"href":"https:\/\/sertv.gob.pa\/crisolfm\/wp-json\/wp\/v2\/comments?post=21349"}],"version-history":[{"count":1,"href":"https:\/\/sertv.gob.pa\/crisolfm\/wp-json\/wp\/v2\/posts\/21349\/revisions"}],"predecessor-version":[{"id":21351,"href":"https:\/\/sertv.gob.pa\/crisolfm\/wp-json\/wp\/v2\/posts\/21349\/revisions\/21351"}],"wp:featuredmedia":[{"embeddable":true,"href":"https:\/\/sertv.gob.pa\/crisolfm\/wp-json\/wp\/v2\/media\/21350"}],"wp:attachment":[{"href":"https:\/\/sertv.gob.pa\/crisolfm\/wp-json\/wp\/v2\/media?parent=21349"}],"wp:term":[{"taxonomy":"category","embeddable":true,"href":"https:\/\/sertv.gob.pa\/crisolfm\/wp-json\/wp\/v2\/categories?post=21349"},{"taxonomy":"post_tag","embeddable":true,"href":"https:\/\/sertv.gob.pa\/crisolfm\/wp-json\/wp\/v2\/tags?post=21349"}],"curies":[{"name":"wp","href":"https:\/\/api.w.org\/{rel}","templated":true}]}}