{"id":21355,"date":"2019-08-13T15:09:10","date_gmt":"2019-08-13T15:09:10","guid":{"rendered":"https:\/\/sertv.gob.pa\/crisolfm\/?p=21355"},"modified":"2019-08-13T15:09:10","modified_gmt":"2019-08-13T15:09:10","slug":"exhibicion-el-maiz-en-panama-500-anos-y-mas-en-albrook-mall","status":"publish","type":"post","link":"https:\/\/sertv.gob.pa\/crisolfm\/exhibicion-el-maiz-en-panama-500-anos-y-mas-en-albrook-mall\/","title":{"rendered":"Exhibici\u00f3n \u201cEl Ma\u00edz en Panam\u00e1: 500 a\u00f1os y m\u00e1s\u201d en Albrook Mall"},"content":{"rendered":"<p>Con el prop\u00f3sito de conocer c\u00f3mo naci\u00f3 el ma\u00edz y la manera en que se produce este grano en Panam\u00e1, se inaugur\u00f3 la exhibici\u00f3n\u00a0\u201cEl Ma\u00edz en Panam\u00e1: 500 A\u00f1os y M\u00e1s\u201d en Albrook Mall.<\/p>\n<p>El evento, que se organiza en conjunto con el Instituto Smithsonian de Investigaciones Tropicales (STRI) en alianza con la Comisi\u00f3n de los 500 a\u00f1os de Fundaci\u00f3n de la Ciudad de Panam\u00e1, nos presenta una recorrido visual e informativo sobre el grano. \u201cLa exhibici\u00f3n invitar\u00e1 al espectador a un viaje en el tiempo, en el que se entrelazan investigaciones cient\u00edficas sobre la presencia temprana de esta planta alimenticia en el istmo con su historia colonial y republicana, hasta llegar a nuestros d\u00edas, incluyendo un enfoque sobre sus usos en la Ciudad\u201d, inform\u00f3 el Smithsonian.<\/p>\n<p>En tanto, Dora L\u00f3pez de Albrook Mall, dio a conocer que el evento estar\u00e1 abierto hasta el 23 de agosto en la Plaza del Koala, para conmemorar los 500 a\u00f1os de la ciudad. Se ha demostrado que el ma\u00edz tiene alrededor de 8 mil a\u00f1os en el pa\u00eds.<\/p>\n<p>&nbsp;<\/p>\n","protected":false},"excerpt":{"rendered":"<p>Con el prop\u00f3sito de conocer c\u00f3mo naci\u00f3 el ma\u00edz y <a href=\"https:\/\/sertv.gob.pa\/crisolfm\/exhibicion-el-maiz-en-panama-500-anos-y-mas-en-albrook-mall\/\"> [&#8230;]<\/a><\/p>\n","protected":false},"author":64,"featured_media":21357,"comment_status":"closed","ping_status":"closed","sticky":false,"template":"","format":"standard","meta":{"footnotes":""},"categories":[6],"tags":[],"class_list":["post-21355","post","type-post","status-publish","format-standard","has-post-thumbnail","hentry","category-culturales"],"_links":{"self":[{"href":"https:\/\/sertv.gob.pa\/crisolfm\/wp-json\/wp\/v2\/posts\/21355","targetHints":{"allow":["GET"]}}],"collection":[{"href":"https:\/\/sertv.gob.pa\/crisolfm\/wp-json\/wp\/v2\/posts"}],"about":[{"href":"https:\/\/sertv.gob.pa\/crisolfm\/wp-json\/wp\/v2\/types\/post"}],"author":[{"embeddable":true,"href":"https:\/\/sertv.gob.pa\/crisolfm\/wp-json\/wp\/v2\/users\/64"}],"replies":[{"embeddable":true,"href":"https:\/\/sertv.gob.pa\/crisolfm\/wp-json\/wp\/v2\/comments?post=21355"}],"version-history":[{"count":1,"href":"https:\/\/sertv.gob.pa\/crisolfm\/wp-json\/wp\/v2\/posts\/21355\/revisions"}],"predecessor-version":[{"id":21358,"href":"https:\/\/sertv.gob.pa\/crisolfm\/wp-json\/wp\/v2\/posts\/21355\/revisions\/21358"}],"wp:featuredmedia":[{"embeddable":true,"href":"https:\/\/sertv.gob.pa\/crisolfm\/wp-json\/wp\/v2\/media\/21357"}],"wp:attachment":[{"href":"https:\/\/sertv.gob.pa\/crisolfm\/wp-json\/wp\/v2\/media?parent=21355"}],"wp:term":[{"taxonomy":"category","embeddable":true,"href":"https:\/\/sertv.gob.pa\/crisolfm\/wp-json\/wp\/v2\/categories?post=21355"},{"taxonomy":"post_tag","embeddable":true,"href":"https:\/\/sertv.gob.pa\/crisolfm\/wp-json\/wp\/v2\/tags?post=21355"}],"curies":[{"name":"wp","href":"https:\/\/api.w.org\/{rel}","templated":true}]}}