{"id":21379,"date":"2019-08-14T13:22:31","date_gmt":"2019-08-14T13:22:31","guid":{"rendered":"https:\/\/sertv.gob.pa\/crisolfm\/?p=21379"},"modified":"2019-08-14T13:22:31","modified_gmt":"2019-08-14T13:22:31","slug":"proyecto-de-ley-que-crea-el-ministerio-de-cultura-es-aprobado-en-tercer-debate-por-la-asamblea","status":"publish","type":"post","link":"https:\/\/sertv.gob.pa\/crisolfm\/proyecto-de-ley-que-crea-el-ministerio-de-cultura-es-aprobado-en-tercer-debate-por-la-asamblea\/","title":{"rendered":"Proyecto de ley que crea el Ministerio de Cultura es aprobado en tercer debate por la Asamblea"},"content":{"rendered":"<p>La noche de este martes, 13 de agosto, el proyecto de ley que crea el Ministerio de Cultura recibi\u00f3 el voto favorable en el tercer y \u00faltimo debate por parte del pleno de la Asamblea Nacional. Para que se convierta en ley, el presidente de la Rep\u00fablica, Laurentino Cortizo, deber\u00e1 sancionar en los pr\u00f3ximos d\u00edas este proyecto.<\/p>\n<p>El nuevo ministerio deber\u00e1 iniciar sus funciones en enero del pr\u00f3ximo a\u00f1o y su primer ministro ser\u00eda Carlos Aguilar, actual director del Instituto Nacional de Cultura (INAC).<\/p>\n<p>&nbsp;<\/p>\n<p>&nbsp;<\/p>\n","protected":false},"excerpt":{"rendered":"<p>La noche de este martes, 13 de agosto, el proyecto <a href=\"https:\/\/sertv.gob.pa\/crisolfm\/proyecto-de-ley-que-crea-el-ministerio-de-cultura-es-aprobado-en-tercer-debate-por-la-asamblea\/\"> [&#8230;]<\/a><\/p>\n","protected":false},"author":64,"featured_media":21380,"comment_status":"closed","ping_status":"closed","sticky":false,"template":"","format":"standard","meta":{"footnotes":""},"categories":[6],"tags":[],"class_list":["post-21379","post","type-post","status-publish","format-standard","has-post-thumbnail","hentry","category-culturales"],"_links":{"self":[{"href":"https:\/\/sertv.gob.pa\/crisolfm\/wp-json\/wp\/v2\/posts\/21379","targetHints":{"allow":["GET"]}}],"collection":[{"href":"https:\/\/sertv.gob.pa\/crisolfm\/wp-json\/wp\/v2\/posts"}],"about":[{"href":"https:\/\/sertv.gob.pa\/crisolfm\/wp-json\/wp\/v2\/types\/post"}],"author":[{"embeddable":true,"href":"https:\/\/sertv.gob.pa\/crisolfm\/wp-json\/wp\/v2\/users\/64"}],"replies":[{"embeddable":true,"href":"https:\/\/sertv.gob.pa\/crisolfm\/wp-json\/wp\/v2\/comments?post=21379"}],"version-history":[{"count":1,"href":"https:\/\/sertv.gob.pa\/crisolfm\/wp-json\/wp\/v2\/posts\/21379\/revisions"}],"predecessor-version":[{"id":21381,"href":"https:\/\/sertv.gob.pa\/crisolfm\/wp-json\/wp\/v2\/posts\/21379\/revisions\/21381"}],"wp:featuredmedia":[{"embeddable":true,"href":"https:\/\/sertv.gob.pa\/crisolfm\/wp-json\/wp\/v2\/media\/21380"}],"wp:attachment":[{"href":"https:\/\/sertv.gob.pa\/crisolfm\/wp-json\/wp\/v2\/media?parent=21379"}],"wp:term":[{"taxonomy":"category","embeddable":true,"href":"https:\/\/sertv.gob.pa\/crisolfm\/wp-json\/wp\/v2\/categories?post=21379"},{"taxonomy":"post_tag","embeddable":true,"href":"https:\/\/sertv.gob.pa\/crisolfm\/wp-json\/wp\/v2\/tags?post=21379"}],"curies":[{"name":"wp","href":"https:\/\/api.w.org\/{rel}","templated":true}]}}