{"id":21382,"date":"2019-08-14T13:54:09","date_gmt":"2019-08-14T13:54:09","guid":{"rendered":"https:\/\/sertv.gob.pa\/crisolfm\/?p=21382"},"modified":"2019-08-14T13:54:09","modified_gmt":"2019-08-14T13:54:09","slug":"inicia-la-xv-edicion-de-la-feria-internacional-del-libro-en-atlapa","status":"publish","type":"post","link":"https:\/\/sertv.gob.pa\/crisolfm\/inicia-la-xv-edicion-de-la-feria-internacional-del-libro-en-atlapa\/","title":{"rendered":"Inicia la XV edici\u00f3n de la Feria Internacional del Libro en Atlapa"},"content":{"rendered":"<p>Este martes 13 de agosto, con un mensaje en pro de salvaguardar a la ni\u00f1ez a trav\u00e9s de la literatura y la cultura, dio inicio la XV edici\u00f3n de la Feria Internacional del Libro de Panam\u00e1, que se llevar\u00e1 a cabo hasta el 18 de agosto y cuyo lema es: Lee nuestro pasado, imagina tu futuro. En el acto inaugural particip\u00f3 el presidente de la Rep\u00fablica, Laurentino Cortizo, acompa\u00f1ado de la primera dama, Yazm\u00edn Col\u00f3n de Cortizo. El mandatario garantiz\u00f3 que la feria contar\u00e1 con todo el apoyo del gobierno. \u201cTenemos una apuesta por la educaci\u00f3n y la cultura, en reformar profundamente nuestro sistema educativo\u201d, asegur\u00f3 el mandatario.<\/p>\n<p>Por su parte, Orit Btesh, presidenta de la C\u00e1mara Paname\u00f1a del Libro, hizo un llamado a las autoridades sobre la necesidad de una ley que proteja a la ni\u00f1ez vulnerable, que cuente con \u201cuna unidad especial de investigaci\u00f3n que persiga con ferocidad la negligencia, el maltrata y el abuso. Que d\u00e9 a la administraci\u00f3n de justicia la capacidad para castigar sin posibilidad a negociar acuerdos. Urge una ley: llam\u00e9mosla ley Britton\u201d, en honor a la doctora y escritora paname\u00f1a, Rosa Mar\u00eda Britton, quien siempre luch\u00f3 por la educaci\u00f3n y la cultura, solicit\u00f3 Btesh.<\/p>\n<p>Este a\u00f1o, la feria que se realiza en el centro de convenciones Atlapa, est\u00e1 dedicada a celebrar los 500 a\u00f1os de la ciudad de Panam\u00e1. Se cuenta con la participaci\u00f3n autores nacionales e internacionales, de Argentina, Colombia, Costa Rica, Cuba, Guatemala, Estados Unidos, M\u00e9xico, Per\u00fa, Alemania, Francia, Espa\u00f1a y Portugal.<\/p>\n<p>&nbsp;<\/p>\n<p>&nbsp;<\/p>\n","protected":false},"excerpt":{"rendered":"<p>Este martes 13 de agosto, con un mensaje en pro <a href=\"https:\/\/sertv.gob.pa\/crisolfm\/inicia-la-xv-edicion-de-la-feria-internacional-del-libro-en-atlapa\/\"> [&#8230;]<\/a><\/p>\n","protected":false},"author":64,"featured_media":21383,"comment_status":"closed","ping_status":"closed","sticky":false,"template":"","format":"standard","meta":{"footnotes":""},"categories":[6],"tags":[],"class_list":["post-21382","post","type-post","status-publish","format-standard","has-post-thumbnail","hentry","category-culturales"],"_links":{"self":[{"href":"https:\/\/sertv.gob.pa\/crisolfm\/wp-json\/wp\/v2\/posts\/21382","targetHints":{"allow":["GET"]}}],"collection":[{"href":"https:\/\/sertv.gob.pa\/crisolfm\/wp-json\/wp\/v2\/posts"}],"about":[{"href":"https:\/\/sertv.gob.pa\/crisolfm\/wp-json\/wp\/v2\/types\/post"}],"author":[{"embeddable":true,"href":"https:\/\/sertv.gob.pa\/crisolfm\/wp-json\/wp\/v2\/users\/64"}],"replies":[{"embeddable":true,"href":"https:\/\/sertv.gob.pa\/crisolfm\/wp-json\/wp\/v2\/comments?post=21382"}],"version-history":[{"count":1,"href":"https:\/\/sertv.gob.pa\/crisolfm\/wp-json\/wp\/v2\/posts\/21382\/revisions"}],"predecessor-version":[{"id":21384,"href":"https:\/\/sertv.gob.pa\/crisolfm\/wp-json\/wp\/v2\/posts\/21382\/revisions\/21384"}],"wp:featuredmedia":[{"embeddable":true,"href":"https:\/\/sertv.gob.pa\/crisolfm\/wp-json\/wp\/v2\/media\/21383"}],"wp:attachment":[{"href":"https:\/\/sertv.gob.pa\/crisolfm\/wp-json\/wp\/v2\/media?parent=21382"}],"wp:term":[{"taxonomy":"category","embeddable":true,"href":"https:\/\/sertv.gob.pa\/crisolfm\/wp-json\/wp\/v2\/categories?post=21382"},{"taxonomy":"post_tag","embeddable":true,"href":"https:\/\/sertv.gob.pa\/crisolfm\/wp-json\/wp\/v2\/tags?post=21382"}],"curies":[{"name":"wp","href":"https:\/\/api.w.org\/{rel}","templated":true}]}}