{"id":21385,"date":"2019-08-14T14:12:31","date_gmt":"2019-08-14T14:12:31","guid":{"rendered":"https:\/\/sertv.gob.pa\/crisolfm\/?p=21385"},"modified":"2019-08-14T14:12:31","modified_gmt":"2019-08-14T14:12:31","slug":"elena-asch-es-la-escritora-mas-joven-de-la-feria-del-libro-en-atlapa","status":"publish","type":"post","link":"https:\/\/sertv.gob.pa\/crisolfm\/elena-asch-es-la-escritora-mas-joven-de-la-feria-del-libro-en-atlapa\/","title":{"rendered":"Elena Asch es la escritora m\u00e1s joven de la Feria del Libro en Atlapa"},"content":{"rendered":"<p>Elena Asch asisti\u00f3 a la Feria Internacional de Libro de 2018 con su primera obra, Jiratales, a sus 10 a\u00f1os y todas las copias se vendieron en pocas horas. Nuevamente regresa a la fiesta literaria con la segunda entrega, Jiratales 2. Los libros de Elena nacen de su simpat\u00eda por las jirafas, por el dibujo y por la redacci\u00f3n de cuentos en formato de historietas.<\/p>\n<p>\u201cEn una \u00f3pera animada que Elena ve\u00eda en la televisi\u00f3n con su abuela, aparecieron unas manos que hac\u00edan formas de jirafas. A Elena le gust\u00f3, las comenz\u00f3 a dibujar y las utilizaba como protagonistas de las historias que creaba, cuentos fant\u00e1sticos en el que intervienen otros personajes\u201d, relata su madre, Leire Sol de Asch<\/p>\n<p>Las historias infantiles de Elena eran muy creativas y Leire decidi\u00f3 ponerles color (su \u00fanica intervenci\u00f3n en la obra) y armar un libro. \u201cEra solo un regalo y la profesora Xochitl Mckay lo vio y nos apoy\u00f3 para que se convirtiera en una publicaci\u00f3n\u201d, recuerda Leire, con emoci\u00f3n.<\/p>\n<p>&nbsp;<\/p>\n<p>&nbsp;<\/p>\n","protected":false},"excerpt":{"rendered":"<p>Elena Asch asisti\u00f3 a la Feria Internacional de Libro de <a href=\"https:\/\/sertv.gob.pa\/crisolfm\/elena-asch-es-la-escritora-mas-joven-de-la-feria-del-libro-en-atlapa\/\"> [&#8230;]<\/a><\/p>\n","protected":false},"author":64,"featured_media":21386,"comment_status":"closed","ping_status":"closed","sticky":false,"template":"","format":"standard","meta":{"footnotes":""},"categories":[6],"tags":[],"class_list":["post-21385","post","type-post","status-publish","format-standard","has-post-thumbnail","hentry","category-culturales"],"_links":{"self":[{"href":"https:\/\/sertv.gob.pa\/crisolfm\/wp-json\/wp\/v2\/posts\/21385","targetHints":{"allow":["GET"]}}],"collection":[{"href":"https:\/\/sertv.gob.pa\/crisolfm\/wp-json\/wp\/v2\/posts"}],"about":[{"href":"https:\/\/sertv.gob.pa\/crisolfm\/wp-json\/wp\/v2\/types\/post"}],"author":[{"embeddable":true,"href":"https:\/\/sertv.gob.pa\/crisolfm\/wp-json\/wp\/v2\/users\/64"}],"replies":[{"embeddable":true,"href":"https:\/\/sertv.gob.pa\/crisolfm\/wp-json\/wp\/v2\/comments?post=21385"}],"version-history":[{"count":1,"href":"https:\/\/sertv.gob.pa\/crisolfm\/wp-json\/wp\/v2\/posts\/21385\/revisions"}],"predecessor-version":[{"id":21387,"href":"https:\/\/sertv.gob.pa\/crisolfm\/wp-json\/wp\/v2\/posts\/21385\/revisions\/21387"}],"wp:featuredmedia":[{"embeddable":true,"href":"https:\/\/sertv.gob.pa\/crisolfm\/wp-json\/wp\/v2\/media\/21386"}],"wp:attachment":[{"href":"https:\/\/sertv.gob.pa\/crisolfm\/wp-json\/wp\/v2\/media?parent=21385"}],"wp:term":[{"taxonomy":"category","embeddable":true,"href":"https:\/\/sertv.gob.pa\/crisolfm\/wp-json\/wp\/v2\/categories?post=21385"},{"taxonomy":"post_tag","embeddable":true,"href":"https:\/\/sertv.gob.pa\/crisolfm\/wp-json\/wp\/v2\/tags?post=21385"}],"curies":[{"name":"wp","href":"https:\/\/api.w.org\/{rel}","templated":true}]}}