{"id":21388,"date":"2019-08-14T14:25:18","date_gmt":"2019-08-14T14:25:18","guid":{"rendered":"https:\/\/sertv.gob.pa\/crisolfm\/?p=21388"},"modified":"2019-08-14T14:25:18","modified_gmt":"2019-08-14T14:25:18","slug":"pelicula-juana-la-loca-se-proyectara-en-fil-2019","status":"publish","type":"post","link":"https:\/\/sertv.gob.pa\/crisolfm\/pelicula-juana-la-loca-se-proyectara-en-fil-2019\/","title":{"rendered":"Pel\u00edcula \u2018Juana La Loca\u2019 se proyectar\u00e1 en FIL 2019"},"content":{"rendered":"<p>El filme \u201c<strong>Juana La Loca\u201d<\/strong> ser\u00e1 presentado en la Feria Internacional del Libro (FIL) Panam\u00e1 2019 este jueves 15 de agosto a las 2:00 p.m. en el sal\u00f3n Kuna del Centro de Convenciones de Atlapa. El Centro Cultural de Espa\u00f1a-Casa del Solado dio a conocer que esta pel\u00edcula obtuvo en el 2002 los premios Goya a \u00abmejor actriz\u00bb (Pilar L\u00f3pez de Ayala), \u00abmejor dise\u00f1o de vestuario\u00bb y \u00abmejor maquillaje y peinado\u00bb.<\/p>\n<p>La agenda de esta XV edici\u00f3n igualmente incluye la presentaci\u00f3n de documentales, conversatorios, conferencias y capacitaciones.<\/p>\n<p>La FIL se llevar\u00e1 a cabo del 13 al 18 de agosto, en la cual participar\u00e1n, adem\u00e1s, autores internacionales provenientes de: Alemania, Colombia, Cuba, M\u00e9xico, Estados Unidos y Francia, entre otros.<\/p>\n<p>&nbsp;<\/p>\n<p>&nbsp;<\/p>\n","protected":false},"excerpt":{"rendered":"<p>El filme \u201cJuana La Loca\u201d ser\u00e1 presentado en la Feria <a href=\"https:\/\/sertv.gob.pa\/crisolfm\/pelicula-juana-la-loca-se-proyectara-en-fil-2019\/\"> [&#8230;]<\/a><\/p>\n","protected":false},"author":64,"featured_media":21389,"comment_status":"closed","ping_status":"closed","sticky":false,"template":"","format":"standard","meta":{"footnotes":""},"categories":[6],"tags":[],"class_list":["post-21388","post","type-post","status-publish","format-standard","has-post-thumbnail","hentry","category-culturales"],"_links":{"self":[{"href":"https:\/\/sertv.gob.pa\/crisolfm\/wp-json\/wp\/v2\/posts\/21388","targetHints":{"allow":["GET"]}}],"collection":[{"href":"https:\/\/sertv.gob.pa\/crisolfm\/wp-json\/wp\/v2\/posts"}],"about":[{"href":"https:\/\/sertv.gob.pa\/crisolfm\/wp-json\/wp\/v2\/types\/post"}],"author":[{"embeddable":true,"href":"https:\/\/sertv.gob.pa\/crisolfm\/wp-json\/wp\/v2\/users\/64"}],"replies":[{"embeddable":true,"href":"https:\/\/sertv.gob.pa\/crisolfm\/wp-json\/wp\/v2\/comments?post=21388"}],"version-history":[{"count":1,"href":"https:\/\/sertv.gob.pa\/crisolfm\/wp-json\/wp\/v2\/posts\/21388\/revisions"}],"predecessor-version":[{"id":21390,"href":"https:\/\/sertv.gob.pa\/crisolfm\/wp-json\/wp\/v2\/posts\/21388\/revisions\/21390"}],"wp:featuredmedia":[{"embeddable":true,"href":"https:\/\/sertv.gob.pa\/crisolfm\/wp-json\/wp\/v2\/media\/21389"}],"wp:attachment":[{"href":"https:\/\/sertv.gob.pa\/crisolfm\/wp-json\/wp\/v2\/media?parent=21388"}],"wp:term":[{"taxonomy":"category","embeddable":true,"href":"https:\/\/sertv.gob.pa\/crisolfm\/wp-json\/wp\/v2\/categories?post=21388"},{"taxonomy":"post_tag","embeddable":true,"href":"https:\/\/sertv.gob.pa\/crisolfm\/wp-json\/wp\/v2\/tags?post=21388"}],"curies":[{"name":"wp","href":"https:\/\/api.w.org\/{rel}","templated":true}]}}