{"id":21406,"date":"2019-08-14T15:32:56","date_gmt":"2019-08-14T15:32:56","guid":{"rendered":"https:\/\/sertv.gob.pa\/crisolfm\/?p=21406"},"modified":"2019-08-14T15:32:56","modified_gmt":"2019-08-14T15:32:56","slug":"europa-no-puede-respirar-por-los-inmensos-incendios-en-siberia","status":"publish","type":"post","link":"https:\/\/sertv.gob.pa\/crisolfm\/europa-no-puede-respirar-por-los-inmensos-incendios-en-siberia\/","title":{"rendered":"Europa no puede respirar por los inmensos incendios en Siberia"},"content":{"rendered":"<p>La <strong>nube de humo provocada por los incendios en Siberia<\/strong>, que perduran desde hace dos semanas, supera la superficie de la Uni\u00f3n Europea, seg\u00fan publica el diario brit\u00e1nico &#8216;The Guardian&#8217;. El humo sigue expandi\u00e9ndose y seg\u00fan estima Antti Lipponen, del Instituto Meteorol\u00f3gico de Finlandia, estima que el \u00e1rea afectada es m\u00e1s de 5 millones de kil\u00f3metros cuadrados. As\u00ed pues, ser\u00eda similar al \u00e1rea de la Uni\u00f3n Europea, que es de aproximadamente 4,5 millones de kil\u00f3metros cuadrados.<\/p>\n<p>Rusia contin\u00faa tratando de sofocar los incendios en una <strong>regi\u00f3n clave para el enfriamiento del planeta <\/strong>que arroja di\u00f3xido de carbono a la atm\u00f3sfera. Sin embargo, desde el gobierno ruso son pesimistas y se prev\u00e9 que los incendios est\u00e9n activos hasta febrero. La intensidad de los fuegos sigue en aumento y para el cient\u00edfico del Servicio de Monitoreo de la Atm\u00f3sfera de Cop\u00e9rnico, Mark Parrington,\u00bbla intensidad todav\u00eda est\u00e1 muy por encima del promedio\u00bb, seg\u00fan ha asegurado a &#8216;The Guardian&#8217;.<\/p>\n<p>Seg\u00fan Greenpeace, desde comienzos de a\u00f1o <strong>se han quemado m\u00e1s de 13,1 millones de hect\u00e1reas <\/strong>en todo el mundo, una cifra similar a un a\u00f1o de gases emitidos por los tubos de escape de 36 millones de autom\u00f3viles.<\/p>\n<p>&nbsp;<\/p>\n<p>ECOticias<\/p>\n","protected":false},"excerpt":{"rendered":"<p>La nube de humo provocada por los incendios en Siberia, <a href=\"https:\/\/sertv.gob.pa\/crisolfm\/europa-no-puede-respirar-por-los-inmensos-incendios-en-siberia\/\"> [&#8230;]<\/a><\/p>\n","protected":false},"author":64,"featured_media":21407,"comment_status":"closed","ping_status":"closed","sticky":false,"template":"","format":"standard","meta":{"footnotes":""},"categories":[7],"tags":[],"class_list":["post-21406","post","type-post","status-publish","format-standard","has-post-thumbnail","hentry","category-ecologicas"],"_links":{"self":[{"href":"https:\/\/sertv.gob.pa\/crisolfm\/wp-json\/wp\/v2\/posts\/21406","targetHints":{"allow":["GET"]}}],"collection":[{"href":"https:\/\/sertv.gob.pa\/crisolfm\/wp-json\/wp\/v2\/posts"}],"about":[{"href":"https:\/\/sertv.gob.pa\/crisolfm\/wp-json\/wp\/v2\/types\/post"}],"author":[{"embeddable":true,"href":"https:\/\/sertv.gob.pa\/crisolfm\/wp-json\/wp\/v2\/users\/64"}],"replies":[{"embeddable":true,"href":"https:\/\/sertv.gob.pa\/crisolfm\/wp-json\/wp\/v2\/comments?post=21406"}],"version-history":[{"count":1,"href":"https:\/\/sertv.gob.pa\/crisolfm\/wp-json\/wp\/v2\/posts\/21406\/revisions"}],"predecessor-version":[{"id":21408,"href":"https:\/\/sertv.gob.pa\/crisolfm\/wp-json\/wp\/v2\/posts\/21406\/revisions\/21408"}],"wp:featuredmedia":[{"embeddable":true,"href":"https:\/\/sertv.gob.pa\/crisolfm\/wp-json\/wp\/v2\/media\/21407"}],"wp:attachment":[{"href":"https:\/\/sertv.gob.pa\/crisolfm\/wp-json\/wp\/v2\/media?parent=21406"}],"wp:term":[{"taxonomy":"category","embeddable":true,"href":"https:\/\/sertv.gob.pa\/crisolfm\/wp-json\/wp\/v2\/categories?post=21406"},{"taxonomy":"post_tag","embeddable":true,"href":"https:\/\/sertv.gob.pa\/crisolfm\/wp-json\/wp\/v2\/tags?post=21406"}],"curies":[{"name":"wp","href":"https:\/\/api.w.org\/{rel}","templated":true}]}}