{"id":21427,"date":"2019-08-14T21:28:12","date_gmt":"2019-08-14T21:28:12","guid":{"rendered":"https:\/\/sertv.gob.pa\/crisolfm\/?p=21427"},"modified":"2019-08-14T21:28:12","modified_gmt":"2019-08-14T21:28:12","slug":"harry-styles-rechaza-ser-el-principe-eric-en-the-little-mermaid","status":"publish","type":"post","link":"https:\/\/sertv.gob.pa\/crisolfm\/harry-styles-rechaza-ser-el-principe-eric-en-the-little-mermaid\/","title":{"rendered":"Harry Styles rechaza ser el pr\u00edncipe Eric en \u00abThe Little Mermaid\u00bb"},"content":{"rendered":"<p>El cantante brit\u00e1nico Harry Styles rechaz\u00f3 interpretar el papel del pr\u00edncipe Eric en la nueva versi\u00f3n de \u00abThe Little Mermaid\u00bb tras varias semanas de negociaciones con Disney, informaron este martes medios especializados en Hollywood que citaron fuentes cercanas a la producci\u00f3n.<\/p>\n<p>De acuerdo con la revista Variety, Styles y Disney han interrumpido de forma \u00abamistosa\u00bb las conversaciones sobre su posible incorporaci\u00f3n al reparto, una noticia que sali\u00f3 a la luz hace unas semanas cuando, seg\u00fan el medio citado, la negociaci\u00f3n estaba a\u00fan en fase prematura.<\/p>\n<p>De haber prosperado su fichaje, el excomponente del grupo One Direction habr\u00eda encarnado a Eric, el pr\u00edncipe humano que llama la atenci\u00f3n de Ariel, en la nueva versi\u00f3n con actores reales que Disney prepara de su cl\u00e1sico musical.<\/p>\n<p>Esta no ser\u00eda la primera vez que Styles se pone delante de las c\u00e1maras ya que anteriormente particip\u00f3 en \u00abDunkirk\u00bb (2017), un drama sobre la II Guerra Mundial que dirigi\u00f3 Christopher Nolan y que recibi\u00f3 la nominaci\u00f3n a mejor pel\u00edcula en los premios \u00d3scar.<\/p>\n<p>Precisamente la noticia del posible contrato de Styles con Disney lleg\u00f3 al tiempo que otro medio, Deadline, avanz\u00f3 el mes pasado que el actor espa\u00f1ol Javier Bardem negociaba su incorporaci\u00f3n al elenco de \u00abThe Little Mermaid\u00bb para interpretar al rey Trit\u00f3n, el padre de Ariel en el cl\u00e1sico musical.<\/p>\n<p>La informaci\u00f3n fue corroborada posteriormente por otras publicaciones de la industria cinematogr\u00e1fica, pero Disney a\u00fan no ha hecho oficial la incorporaci\u00f3n del espa\u00f1ol.<\/p>\n<p>Hasta el momento, el reparto de la nueva versi\u00f3n del musical cuenta con las confirmaciones de la actriz Melissa McCarthy en el papel de \u00darsula, el actor Jacob Tremblay para poner al pez Flounder y la actriz Awkwafina para hacer lo mismo con la gaviota Scuttle.<\/p>\n<p>Asimismo, la cantante Halle Bailey, quien junto a su hermana Chloe compone el d\u00fao musical Chloe x Halle, ser\u00e1 la protagonista Ariel.<\/p>\n<p>El proyecto para devolver \u00abThe Little Mermaid\u00bb a la gran pantalla con un nuevo enfoque encaja dentro de la estrategia de Disney de readaptar sus cl\u00e1sicos animados con nuevas tecnolog\u00edas digitales o con actores de carne y hueso.<\/p>\n<p>Este a\u00f1o ha estrenado ya \u00abDumbo\u00bb, con Tim Burton en la silla de director, y \u00abAladdin\u00bb, con Guy Ritchie al mando de las operaciones, mientras que \u00abThe Lion King\u00bb, con Jon Favreau como realizador, a\u00fan sigue en las taquillas de los cines de todo el mundo.<\/p>\n<p>&nbsp;<\/p>\n","protected":false},"excerpt":{"rendered":"<p>El cantante brit\u00e1nico Harry Styles rechaz\u00f3 interpretar el papel del <a href=\"https:\/\/sertv.gob.pa\/crisolfm\/harry-styles-rechaza-ser-el-principe-eric-en-the-little-mermaid\/\"> [&#8230;]<\/a><\/p>\n","protected":false},"author":65,"featured_media":21429,"comment_status":"closed","ping_status":"closed","sticky":false,"template":"","format":"standard","meta":{"footnotes":""},"categories":[6],"tags":[],"class_list":["post-21427","post","type-post","status-publish","format-standard","has-post-thumbnail","hentry","category-culturales"],"_links":{"self":[{"href":"https:\/\/sertv.gob.pa\/crisolfm\/wp-json\/wp\/v2\/posts\/21427","targetHints":{"allow":["GET"]}}],"collection":[{"href":"https:\/\/sertv.gob.pa\/crisolfm\/wp-json\/wp\/v2\/posts"}],"about":[{"href":"https:\/\/sertv.gob.pa\/crisolfm\/wp-json\/wp\/v2\/types\/post"}],"author":[{"embeddable":true,"href":"https:\/\/sertv.gob.pa\/crisolfm\/wp-json\/wp\/v2\/users\/65"}],"replies":[{"embeddable":true,"href":"https:\/\/sertv.gob.pa\/crisolfm\/wp-json\/wp\/v2\/comments?post=21427"}],"version-history":[{"count":1,"href":"https:\/\/sertv.gob.pa\/crisolfm\/wp-json\/wp\/v2\/posts\/21427\/revisions"}],"predecessor-version":[{"id":21430,"href":"https:\/\/sertv.gob.pa\/crisolfm\/wp-json\/wp\/v2\/posts\/21427\/revisions\/21430"}],"wp:featuredmedia":[{"embeddable":true,"href":"https:\/\/sertv.gob.pa\/crisolfm\/wp-json\/wp\/v2\/media\/21429"}],"wp:attachment":[{"href":"https:\/\/sertv.gob.pa\/crisolfm\/wp-json\/wp\/v2\/media?parent=21427"}],"wp:term":[{"taxonomy":"category","embeddable":true,"href":"https:\/\/sertv.gob.pa\/crisolfm\/wp-json\/wp\/v2\/categories?post=21427"},{"taxonomy":"post_tag","embeddable":true,"href":"https:\/\/sertv.gob.pa\/crisolfm\/wp-json\/wp\/v2\/tags?post=21427"}],"curies":[{"name":"wp","href":"https:\/\/api.w.org\/{rel}","templated":true}]}}