{"id":21432,"date":"2019-08-14T22:54:01","date_gmt":"2019-08-14T22:54:01","guid":{"rendered":"https:\/\/sertv.gob.pa\/crisolfm\/?p=21432"},"modified":"2019-08-14T22:54:01","modified_gmt":"2019-08-14T22:54:01","slug":"autoridades-ponen-en-marcha-el-turismo-sostenible-para-panama","status":"publish","type":"post","link":"https:\/\/sertv.gob.pa\/crisolfm\/autoridades-ponen-en-marcha-el-turismo-sostenible-para-panama\/","title":{"rendered":"Autoridades ponen en marcha el \u201cturismo sostenible\u201d,  para Panam\u00e1"},"content":{"rendered":"<p style=\"text-align: justify;background: white;margin: 0cm 0cm 7.5pt 0cm\"><span style=\"font-family: 'Verdana','sans-serif';color: #333333\">Con la creaci\u00f3n del Gabinete Tur\u00edstico, son muchos los retos que tienen las autoridades para incrementar la actividad tur\u00edstica sostenible en Panam\u00e1, siendo esta la principal funci\u00f3n de la instituci\u00f3n.<\/span><\/p>\n<p style=\"text-align: justify;background: white;margin: 0cm 0cm 7.5pt 0cm\"><span style=\"font-family: 'Verdana','sans-serif';color: #333333\">La creaci\u00f3n de este gabinete, permite una mayor facilidad de generar inversiones tur\u00edsticas, as\u00ed como un mayor desarrollo del ecoturismo\u00a0 para el pa\u00eds.<\/span><\/p>\n<p style=\"text-align: start;background: white;margin: 0cm 0cm 7.5pt 0cm\"><span style=\"font-family: 'Verdana','sans-serif';color: #333333\">Para el cumplimiento pronto de estos objetivos el ministro de Ambiente, Milciades Concepci\u00f3n y el administrador de la Autoridad de Turismo de Panam\u00e1, Iv\u00e1n Eskildsen, se reunieron, a fin de establecer una sociedad entre ambas y la coordinaci\u00f3n de los primeros proyectos para la conservaci\u00f3n de las \u00e1reas protegidas paname\u00f1as.<\/span><\/p>\n<p style=\"text-align: start;background: white;margin: 0cm 0cm 7.5pt 0cm\"><span style=\"font-family: 'Verdana','sans-serif';color: #333333\">Estas primeras acciones, tendr\u00e1n la finalidad de trabajar en las \u00e1reas protegidas acorde a los planes de uso p\u00fablico y con el cuidado adecuado del ambiente que es lo m\u00e1s importante, se\u00f1al\u00f3 Eskildsen.<\/span><\/p>\n<p style=\"text-align: start;background: white;margin: 0cm 0cm 7.5pt 0cm\"><span style=\"font-family: 'Verdana','sans-serif';color: #333333\">Por su parte, Concepci\u00f3n exterioriz\u00f3, que el ecoturismo en Panam\u00e1 cada d\u00eda recibe un mayor valor e importancia tanto a nivel nacional como internacional.<\/span><\/p>\n","protected":false},"excerpt":{"rendered":"<p>Con la creaci\u00f3n del Gabinete Tur\u00edstico, son muchos los retos <a href=\"https:\/\/sertv.gob.pa\/crisolfm\/autoridades-ponen-en-marcha-el-turismo-sostenible-para-panama\/\"> [&#8230;]<\/a><\/p>\n","protected":false},"author":65,"featured_media":21434,"comment_status":"closed","ping_status":"closed","sticky":false,"template":"","format":"standard","meta":{"footnotes":""},"categories":[6],"tags":[],"class_list":["post-21432","post","type-post","status-publish","format-standard","has-post-thumbnail","hentry","category-culturales"],"_links":{"self":[{"href":"https:\/\/sertv.gob.pa\/crisolfm\/wp-json\/wp\/v2\/posts\/21432","targetHints":{"allow":["GET"]}}],"collection":[{"href":"https:\/\/sertv.gob.pa\/crisolfm\/wp-json\/wp\/v2\/posts"}],"about":[{"href":"https:\/\/sertv.gob.pa\/crisolfm\/wp-json\/wp\/v2\/types\/post"}],"author":[{"embeddable":true,"href":"https:\/\/sertv.gob.pa\/crisolfm\/wp-json\/wp\/v2\/users\/65"}],"replies":[{"embeddable":true,"href":"https:\/\/sertv.gob.pa\/crisolfm\/wp-json\/wp\/v2\/comments?post=21432"}],"version-history":[{"count":1,"href":"https:\/\/sertv.gob.pa\/crisolfm\/wp-json\/wp\/v2\/posts\/21432\/revisions"}],"predecessor-version":[{"id":21435,"href":"https:\/\/sertv.gob.pa\/crisolfm\/wp-json\/wp\/v2\/posts\/21432\/revisions\/21435"}],"wp:featuredmedia":[{"embeddable":true,"href":"https:\/\/sertv.gob.pa\/crisolfm\/wp-json\/wp\/v2\/media\/21434"}],"wp:attachment":[{"href":"https:\/\/sertv.gob.pa\/crisolfm\/wp-json\/wp\/v2\/media?parent=21432"}],"wp:term":[{"taxonomy":"category","embeddable":true,"href":"https:\/\/sertv.gob.pa\/crisolfm\/wp-json\/wp\/v2\/categories?post=21432"},{"taxonomy":"post_tag","embeddable":true,"href":"https:\/\/sertv.gob.pa\/crisolfm\/wp-json\/wp\/v2\/tags?post=21432"}],"curies":[{"name":"wp","href":"https:\/\/api.w.org\/{rel}","templated":true}]}}