{"id":21448,"date":"2019-08-15T19:00:28","date_gmt":"2019-08-15T19:00:28","guid":{"rendered":"https:\/\/sertv.gob.pa\/crisolfm\/?p=21448"},"modified":"2019-08-15T19:00:28","modified_gmt":"2019-08-15T19:00:28","slug":"historia-y-arte-en-las-estaciones-del-metro-de-panama","status":"publish","type":"post","link":"https:\/\/sertv.gob.pa\/crisolfm\/historia-y-arte-en-las-estaciones-del-metro-de-panama\/","title":{"rendered":"Historia y arte en las estaciones del Metro de Panam\u00e1"},"content":{"rendered":"<p>Este jueves los usuarios del Metro de Panam\u00e1 fueron sorprendidos por algunas de las figuras m\u00e1s ic\u00f3nicas de la historia de Panam\u00e1, como parte de una iniciativa del Instituto Nacional de Cultura (INAC) en el marco de los 500 a\u00f1os de la Ciudad de Panam\u00e1.<\/p>\n<p>Carlos Aguilar, titular del INAC, precis\u00f3 que la iniciativa se desarrolla en las 30 estaciones del metro, abarcando as\u00ed las 2 l\u00edneas del sistema de transporte desde las 6:00 a.m. hasta finales de la tarde de hoy.<\/p>\n<p>\u201cCada estaci\u00f3n del metro se ha convertido en una sala de teatro, una galer\u00eda de exposici\u00f3n de pinturas, esculturas y fotograf\u00eda. Toda la ciudad capital y las ciudades cabeceras presentar\u00e1n actividades culturales para celebrar los 500 a\u00f1os y la creaci\u00f3n del Ministerio de Cultura\u201d, indic\u00f3 el funcionario.<\/p>\n<p>&nbsp;<\/p>\n","protected":false},"excerpt":{"rendered":"<p>Este jueves los usuarios del Metro de Panam\u00e1 fueron sorprendidos <a href=\"https:\/\/sertv.gob.pa\/crisolfm\/historia-y-arte-en-las-estaciones-del-metro-de-panama\/\"> [&#8230;]<\/a><\/p>\n","protected":false},"author":64,"featured_media":21449,"comment_status":"closed","ping_status":"closed","sticky":false,"template":"","format":"standard","meta":{"footnotes":""},"categories":[6],"tags":[],"class_list":["post-21448","post","type-post","status-publish","format-standard","has-post-thumbnail","hentry","category-culturales"],"_links":{"self":[{"href":"https:\/\/sertv.gob.pa\/crisolfm\/wp-json\/wp\/v2\/posts\/21448","targetHints":{"allow":["GET"]}}],"collection":[{"href":"https:\/\/sertv.gob.pa\/crisolfm\/wp-json\/wp\/v2\/posts"}],"about":[{"href":"https:\/\/sertv.gob.pa\/crisolfm\/wp-json\/wp\/v2\/types\/post"}],"author":[{"embeddable":true,"href":"https:\/\/sertv.gob.pa\/crisolfm\/wp-json\/wp\/v2\/users\/64"}],"replies":[{"embeddable":true,"href":"https:\/\/sertv.gob.pa\/crisolfm\/wp-json\/wp\/v2\/comments?post=21448"}],"version-history":[{"count":1,"href":"https:\/\/sertv.gob.pa\/crisolfm\/wp-json\/wp\/v2\/posts\/21448\/revisions"}],"predecessor-version":[{"id":21450,"href":"https:\/\/sertv.gob.pa\/crisolfm\/wp-json\/wp\/v2\/posts\/21448\/revisions\/21450"}],"wp:featuredmedia":[{"embeddable":true,"href":"https:\/\/sertv.gob.pa\/crisolfm\/wp-json\/wp\/v2\/media\/21449"}],"wp:attachment":[{"href":"https:\/\/sertv.gob.pa\/crisolfm\/wp-json\/wp\/v2\/media?parent=21448"}],"wp:term":[{"taxonomy":"category","embeddable":true,"href":"https:\/\/sertv.gob.pa\/crisolfm\/wp-json\/wp\/v2\/categories?post=21448"},{"taxonomy":"post_tag","embeddable":true,"href":"https:\/\/sertv.gob.pa\/crisolfm\/wp-json\/wp\/v2\/tags?post=21448"}],"curies":[{"name":"wp","href":"https:\/\/api.w.org\/{rel}","templated":true}]}}