{"id":21454,"date":"2019-08-15T19:29:34","date_gmt":"2019-08-15T19:29:34","guid":{"rendered":"https:\/\/sertv.gob.pa\/crisolfm\/?p=21454"},"modified":"2019-08-15T19:29:34","modified_gmt":"2019-08-15T19:29:34","slug":"en-la-fil-2019-se-destacan-las-historias-panamenas","status":"publish","type":"post","link":"https:\/\/sertv.gob.pa\/crisolfm\/en-la-fil-2019-se-destacan-las-historias-panamenas\/","title":{"rendered":"En la FIL 2019 se destacan las historias paname\u00f1as"},"content":{"rendered":"<p>Egresados del PROFE del INAC, autores j\u00f3venes y hasta veteranos se presentaron en el stand del Instituto Nacional de Cultura, con historias que superan la imaginaci\u00f3n.<\/p>\n<p>Nombres de escritores paname\u00f1os como: Juli\u00e1n P\u00e9rez, Hilario Alabaraca, Flavia Rodr\u00edguez, Bol\u00edvar Antonio Gonz\u00e1lez Batista, Karoline Acosta y H\u00e9ctor Collado fueron los\u00a0convocados en la jornada del XV evento ferial, los cuales promocionaron sus obras, y convivieron con los lectores. Durante las ponencias de los autores se destac\u00f3 la participaci\u00f3n de la juventud paname\u00f1a, que intercambi\u00f3 an\u00e9cdotas y recomendaciones, adem\u00e1s de su pasi\u00f3n por las sagas literarias modernas.<\/p>\n<p>La FIL 2019 se extender\u00e1 hasta el pr\u00f3ximo domingo 18 y exhibir\u00e1 los textos de cerca de 70 autores nacionales que se presentar\u00e1n en el espacio del INAC dentro del centro de convenciones Atlapa.<\/p>\n<p>&nbsp;<\/p>\n","protected":false},"excerpt":{"rendered":"<p>Egresados del PROFE del INAC, autores j\u00f3venes y hasta veteranos <a href=\"https:\/\/sertv.gob.pa\/crisolfm\/en-la-fil-2019-se-destacan-las-historias-panamenas\/\"> [&#8230;]<\/a><\/p>\n","protected":false},"author":64,"featured_media":21457,"comment_status":"closed","ping_status":"closed","sticky":false,"template":"","format":"standard","meta":{"footnotes":""},"categories":[6],"tags":[],"class_list":["post-21454","post","type-post","status-publish","format-standard","has-post-thumbnail","hentry","category-culturales"],"_links":{"self":[{"href":"https:\/\/sertv.gob.pa\/crisolfm\/wp-json\/wp\/v2\/posts\/21454","targetHints":{"allow":["GET"]}}],"collection":[{"href":"https:\/\/sertv.gob.pa\/crisolfm\/wp-json\/wp\/v2\/posts"}],"about":[{"href":"https:\/\/sertv.gob.pa\/crisolfm\/wp-json\/wp\/v2\/types\/post"}],"author":[{"embeddable":true,"href":"https:\/\/sertv.gob.pa\/crisolfm\/wp-json\/wp\/v2\/users\/64"}],"replies":[{"embeddable":true,"href":"https:\/\/sertv.gob.pa\/crisolfm\/wp-json\/wp\/v2\/comments?post=21454"}],"version-history":[{"count":1,"href":"https:\/\/sertv.gob.pa\/crisolfm\/wp-json\/wp\/v2\/posts\/21454\/revisions"}],"predecessor-version":[{"id":21458,"href":"https:\/\/sertv.gob.pa\/crisolfm\/wp-json\/wp\/v2\/posts\/21454\/revisions\/21458"}],"wp:featuredmedia":[{"embeddable":true,"href":"https:\/\/sertv.gob.pa\/crisolfm\/wp-json\/wp\/v2\/media\/21457"}],"wp:attachment":[{"href":"https:\/\/sertv.gob.pa\/crisolfm\/wp-json\/wp\/v2\/media?parent=21454"}],"wp:term":[{"taxonomy":"category","embeddable":true,"href":"https:\/\/sertv.gob.pa\/crisolfm\/wp-json\/wp\/v2\/categories?post=21454"},{"taxonomy":"post_tag","embeddable":true,"href":"https:\/\/sertv.gob.pa\/crisolfm\/wp-json\/wp\/v2\/tags?post=21454"}],"curies":[{"name":"wp","href":"https:\/\/api.w.org\/{rel}","templated":true}]}}