{"id":21459,"date":"2019-08-15T19:59:16","date_gmt":"2019-08-15T19:59:16","guid":{"rendered":"https:\/\/sertv.gob.pa\/crisolfm\/?p=21459"},"modified":"2019-08-15T19:59:16","modified_gmt":"2019-08-15T19:59:16","slug":"desfile-en-panama-viejo-para-festejar-500-anos-de-fundacion","status":"publish","type":"post","link":"https:\/\/sertv.gob.pa\/crisolfm\/desfile-en-panama-viejo-para-festejar-500-anos-de-fundacion\/","title":{"rendered":"Desfile en Panam\u00e1 Viejo para festejar 500 a\u00f1os de fundaci\u00f3n"},"content":{"rendered":"<p><strong>Autoridades municipales<\/strong>, <strong>delegaciones escolares y bandas independientes participan<\/strong> hoy en el <strong>desfile para celebrar los 500 a\u00f1os de fundaci\u00f3n de la Ciudad de Panam\u00e1. \u00a0<\/strong>Las <strong>bandas escolares interpretan piezas musicales patri\u00f3ticas y populares<\/strong> a lo largo del trayecto por las<strong> calles de la comunidad de Panam\u00e1 Viejo<\/strong>, corregimiento de <strong>Parque Lefevre.<\/strong><\/p>\n<p>El abanderado es el boxeador de talla internacional Roberto \u00abManos de Piedra\u00bb Dur\u00e1n.<\/p>\n<p>&nbsp;<\/p>\n","protected":false},"excerpt":{"rendered":"<p>Autoridades municipales, delegaciones escolares y bandas independientes participan hoy en <a href=\"https:\/\/sertv.gob.pa\/crisolfm\/desfile-en-panama-viejo-para-festejar-500-anos-de-fundacion\/\"> [&#8230;]<\/a><\/p>\n","protected":false},"author":64,"featured_media":21460,"comment_status":"closed","ping_status":"closed","sticky":false,"template":"","format":"standard","meta":{"footnotes":""},"categories":[6],"tags":[],"class_list":["post-21459","post","type-post","status-publish","format-standard","has-post-thumbnail","hentry","category-culturales"],"_links":{"self":[{"href":"https:\/\/sertv.gob.pa\/crisolfm\/wp-json\/wp\/v2\/posts\/21459","targetHints":{"allow":["GET"]}}],"collection":[{"href":"https:\/\/sertv.gob.pa\/crisolfm\/wp-json\/wp\/v2\/posts"}],"about":[{"href":"https:\/\/sertv.gob.pa\/crisolfm\/wp-json\/wp\/v2\/types\/post"}],"author":[{"embeddable":true,"href":"https:\/\/sertv.gob.pa\/crisolfm\/wp-json\/wp\/v2\/users\/64"}],"replies":[{"embeddable":true,"href":"https:\/\/sertv.gob.pa\/crisolfm\/wp-json\/wp\/v2\/comments?post=21459"}],"version-history":[{"count":1,"href":"https:\/\/sertv.gob.pa\/crisolfm\/wp-json\/wp\/v2\/posts\/21459\/revisions"}],"predecessor-version":[{"id":21461,"href":"https:\/\/sertv.gob.pa\/crisolfm\/wp-json\/wp\/v2\/posts\/21459\/revisions\/21461"}],"wp:featuredmedia":[{"embeddable":true,"href":"https:\/\/sertv.gob.pa\/crisolfm\/wp-json\/wp\/v2\/media\/21460"}],"wp:attachment":[{"href":"https:\/\/sertv.gob.pa\/crisolfm\/wp-json\/wp\/v2\/media?parent=21459"}],"wp:term":[{"taxonomy":"category","embeddable":true,"href":"https:\/\/sertv.gob.pa\/crisolfm\/wp-json\/wp\/v2\/categories?post=21459"},{"taxonomy":"post_tag","embeddable":true,"href":"https:\/\/sertv.gob.pa\/crisolfm\/wp-json\/wp\/v2\/tags?post=21459"}],"curies":[{"name":"wp","href":"https:\/\/api.w.org\/{rel}","templated":true}]}}