{"id":21462,"date":"2019-08-15T20:46:03","date_gmt":"2019-08-15T20:46:03","guid":{"rendered":"https:\/\/sertv.gob.pa\/crisolfm\/?p=21462"},"modified":"2019-08-15T20:46:03","modified_gmt":"2019-08-15T20:46:03","slug":"uno-de-los-iconos-mas-representativos-de-la-ciudad-capital-conjunto-monumental-de-panama-viejo","status":"publish","type":"post","link":"https:\/\/sertv.gob.pa\/crisolfm\/uno-de-los-iconos-mas-representativos-de-la-ciudad-capital-conjunto-monumental-de-panama-viejo\/","title":{"rendered":"Uno de los \u00edconos m\u00e1s representativos de la ciudad capital:  Conjunto Monumental de Panam\u00e1 Viejo"},"content":{"rendered":"<p>El Conjunto Monumental de Panam\u00e1 Viejo es uno de los \u00edconos m\u00e1s representativos de la ciudad capital. En \u00e9l se guarda parte de la historia de esta floreciente naci\u00f3n que jug\u00f3 y sigue jugando un papel importante para la econom\u00eda de la regi\u00f3n. La ciudad de Panam\u00e1 Viejo fue el primer <strong>asentamiento <\/strong>europeo en la costa del Pac\u00edfico.<\/p>\n<p>El Conjunto Monumental de Panam\u00e1 Viejo fue declarado Patrimonio de la Humanidad gracias a las gestiones de la delegaci\u00f3n permanente de Panam\u00e1 ante la Organizaci\u00f3n de las Naciones Unidas para la Ciencia, la Educaci\u00f3n y la Cultura<strong> (UNESCO).<\/strong><\/p>\n<p>La decisi\u00f3n fue tomada en el 2003 en la XXVII Sesi\u00f3n del Comit\u00e9 del<strong> Patrimonio Mundial <\/strong>y se declar\u00f3 que el Sitio Arqueol\u00f3gico de Panam\u00e1 Viejo, junto a otros m\u00e1s de 700 lugares en el mundo, un patrimonio cultural para la humanidad.<\/p>\n<p>&nbsp;<\/p>\n","protected":false},"excerpt":{"rendered":"<p>El Conjunto Monumental de Panam\u00e1 Viejo es uno de los <a href=\"https:\/\/sertv.gob.pa\/crisolfm\/uno-de-los-iconos-mas-representativos-de-la-ciudad-capital-conjunto-monumental-de-panama-viejo\/\"> [&#8230;]<\/a><\/p>\n","protected":false},"author":64,"featured_media":21463,"comment_status":"closed","ping_status":"closed","sticky":false,"template":"","format":"standard","meta":{"footnotes":""},"categories":[6],"tags":[],"class_list":["post-21462","post","type-post","status-publish","format-standard","has-post-thumbnail","hentry","category-culturales"],"_links":{"self":[{"href":"https:\/\/sertv.gob.pa\/crisolfm\/wp-json\/wp\/v2\/posts\/21462","targetHints":{"allow":["GET"]}}],"collection":[{"href":"https:\/\/sertv.gob.pa\/crisolfm\/wp-json\/wp\/v2\/posts"}],"about":[{"href":"https:\/\/sertv.gob.pa\/crisolfm\/wp-json\/wp\/v2\/types\/post"}],"author":[{"embeddable":true,"href":"https:\/\/sertv.gob.pa\/crisolfm\/wp-json\/wp\/v2\/users\/64"}],"replies":[{"embeddable":true,"href":"https:\/\/sertv.gob.pa\/crisolfm\/wp-json\/wp\/v2\/comments?post=21462"}],"version-history":[{"count":1,"href":"https:\/\/sertv.gob.pa\/crisolfm\/wp-json\/wp\/v2\/posts\/21462\/revisions"}],"predecessor-version":[{"id":21464,"href":"https:\/\/sertv.gob.pa\/crisolfm\/wp-json\/wp\/v2\/posts\/21462\/revisions\/21464"}],"wp:featuredmedia":[{"embeddable":true,"href":"https:\/\/sertv.gob.pa\/crisolfm\/wp-json\/wp\/v2\/media\/21463"}],"wp:attachment":[{"href":"https:\/\/sertv.gob.pa\/crisolfm\/wp-json\/wp\/v2\/media?parent=21462"}],"wp:term":[{"taxonomy":"category","embeddable":true,"href":"https:\/\/sertv.gob.pa\/crisolfm\/wp-json\/wp\/v2\/categories?post=21462"},{"taxonomy":"post_tag","embeddable":true,"href":"https:\/\/sertv.gob.pa\/crisolfm\/wp-json\/wp\/v2\/tags?post=21462"}],"curies":[{"name":"wp","href":"https:\/\/api.w.org\/{rel}","templated":true}]}}