{"id":21471,"date":"2019-08-15T21:44:46","date_gmt":"2019-08-15T21:44:46","guid":{"rendered":"https:\/\/sertv.gob.pa\/crisolfm\/?p=21471"},"modified":"2019-08-15T21:44:46","modified_gmt":"2019-08-15T21:44:46","slug":"albrook-mall-conmemora-500-anos-de-panama-con-desfile-de-polleras","status":"publish","type":"post","link":"https:\/\/sertv.gob.pa\/crisolfm\/albrook-mall-conmemora-500-anos-de-panama-con-desfile-de-polleras\/","title":{"rendered":"Albrook Mall conmemora 500 a\u00f1os de Panam\u00e1 con Desfile de Polleras"},"content":{"rendered":"<p>Hoy decenas de empolleradas participaron del Desfile de Polleras organizado por el centro comercial Albrook Mall. Ataviadas con el traje t\u00edpico nacional, ni\u00f1as, j\u00f3venes y adultas deleitaron a los visitantes del mall, quienes no dudaban en tomarse selfies con ellas.<\/p>\n<p>Eyleen Maure, subgerente de mercadeo de Albrook Mall, explic\u00f3 que en el recorrido participaron cerca de 98 empolleradas y caballeros, haciendo gala al traje t\u00edpico de Panam\u00e1.<\/p>\n<p>\u00abEl recorrido comenz\u00f3 en la Plaza de la Jirafa y termin\u00f3 en la Plaza del Delf\u00edn. Adem\u00e1s, para este mes que estamos celebrando a Panam\u00e1 tendremos una exposici\u00f3n de pintores paname\u00f1os y un concurso de polleras\u00bb, detall\u00f3 Maure.<\/p>\n<p>&nbsp;<\/p>\n","protected":false},"excerpt":{"rendered":"<p>Hoy decenas de empolleradas participaron del Desfile de Polleras organizado <a href=\"https:\/\/sertv.gob.pa\/crisolfm\/albrook-mall-conmemora-500-anos-de-panama-con-desfile-de-polleras\/\"> [&#8230;]<\/a><\/p>\n","protected":false},"author":64,"featured_media":21472,"comment_status":"closed","ping_status":"closed","sticky":false,"template":"","format":"standard","meta":{"footnotes":""},"categories":[6],"tags":[],"class_list":["post-21471","post","type-post","status-publish","format-standard","has-post-thumbnail","hentry","category-culturales"],"_links":{"self":[{"href":"https:\/\/sertv.gob.pa\/crisolfm\/wp-json\/wp\/v2\/posts\/21471","targetHints":{"allow":["GET"]}}],"collection":[{"href":"https:\/\/sertv.gob.pa\/crisolfm\/wp-json\/wp\/v2\/posts"}],"about":[{"href":"https:\/\/sertv.gob.pa\/crisolfm\/wp-json\/wp\/v2\/types\/post"}],"author":[{"embeddable":true,"href":"https:\/\/sertv.gob.pa\/crisolfm\/wp-json\/wp\/v2\/users\/64"}],"replies":[{"embeddable":true,"href":"https:\/\/sertv.gob.pa\/crisolfm\/wp-json\/wp\/v2\/comments?post=21471"}],"version-history":[{"count":1,"href":"https:\/\/sertv.gob.pa\/crisolfm\/wp-json\/wp\/v2\/posts\/21471\/revisions"}],"predecessor-version":[{"id":21473,"href":"https:\/\/sertv.gob.pa\/crisolfm\/wp-json\/wp\/v2\/posts\/21471\/revisions\/21473"}],"wp:featuredmedia":[{"embeddable":true,"href":"https:\/\/sertv.gob.pa\/crisolfm\/wp-json\/wp\/v2\/media\/21472"}],"wp:attachment":[{"href":"https:\/\/sertv.gob.pa\/crisolfm\/wp-json\/wp\/v2\/media?parent=21471"}],"wp:term":[{"taxonomy":"category","embeddable":true,"href":"https:\/\/sertv.gob.pa\/crisolfm\/wp-json\/wp\/v2\/categories?post=21471"},{"taxonomy":"post_tag","embeddable":true,"href":"https:\/\/sertv.gob.pa\/crisolfm\/wp-json\/wp\/v2\/tags?post=21471"}],"curies":[{"name":"wp","href":"https:\/\/api.w.org\/{rel}","templated":true}]}}