{"id":21480,"date":"2019-08-15T22:27:48","date_gmt":"2019-08-15T22:27:48","guid":{"rendered":"https:\/\/sertv.gob.pa\/crisolfm\/?p=21480"},"modified":"2019-08-15T22:27:48","modified_gmt":"2019-08-15T22:27:48","slug":"conmemoran-los-500-anos-de-panama-con-siembran-de-arboles-en-refugio-de-vida-silvestre-la-barqueta","status":"publish","type":"post","link":"https:\/\/sertv.gob.pa\/crisolfm\/conmemoran-los-500-anos-de-panama-con-siembran-de-arboles-en-refugio-de-vida-silvestre-la-barqueta\/","title":{"rendered":"Conmemoran los 500 a\u00f1os de Panam\u00e1 con siembran de \u00e1rboles en Refugio de Vida Silvestre La Barqueta"},"content":{"rendered":"<p>La regional de Chiriqu\u00ed del Ministerio de Ambiente (MiAmbiente) gestion\u00f3 la siembra de \u00e1rboles <em>Sterculia apetala<\/em> o mejor conocidos como Panam\u00e1 en conmemoraci\u00f3n a los 500 a\u00f1os de fundaci\u00f3n de Panam\u00e1 La Vieja en en el Refugio de Vida Silvestre La Barqueta (RVSLB), ubicada en el distrito de Alanje.<\/p>\n<p>El <em>Sterculia apetala<\/em> es el \u00e1rbol nacional del cual se cree se origin\u00f3 el nombre del pa\u00eds, y fue declarado oficialmente con el Decreto de Gabinete 371 del 26 de noviembre de 1969.<\/p>\n<p>Adem\u00e1s del \u00e1rbol Panam\u00e1, los voluntarios plantaron otras especies de \u00e1rboles madurables y frutales en la entrada principal al sendero El Jobo, ubicado dentro del refugio.<\/p>\n<p>&nbsp;<\/p>\n","protected":false},"excerpt":{"rendered":"<p>La regional de Chiriqu\u00ed del Ministerio de Ambiente (MiAmbiente) gestion\u00f3 <a href=\"https:\/\/sertv.gob.pa\/crisolfm\/conmemoran-los-500-anos-de-panama-con-siembran-de-arboles-en-refugio-de-vida-silvestre-la-barqueta\/\"> [&#8230;]<\/a><\/p>\n","protected":false},"author":64,"featured_media":21481,"comment_status":"closed","ping_status":"closed","sticky":false,"template":"","format":"standard","meta":{"footnotes":""},"categories":[7],"tags":[],"class_list":["post-21480","post","type-post","status-publish","format-standard","has-post-thumbnail","hentry","category-ecologicas"],"_links":{"self":[{"href":"https:\/\/sertv.gob.pa\/crisolfm\/wp-json\/wp\/v2\/posts\/21480","targetHints":{"allow":["GET"]}}],"collection":[{"href":"https:\/\/sertv.gob.pa\/crisolfm\/wp-json\/wp\/v2\/posts"}],"about":[{"href":"https:\/\/sertv.gob.pa\/crisolfm\/wp-json\/wp\/v2\/types\/post"}],"author":[{"embeddable":true,"href":"https:\/\/sertv.gob.pa\/crisolfm\/wp-json\/wp\/v2\/users\/64"}],"replies":[{"embeddable":true,"href":"https:\/\/sertv.gob.pa\/crisolfm\/wp-json\/wp\/v2\/comments?post=21480"}],"version-history":[{"count":1,"href":"https:\/\/sertv.gob.pa\/crisolfm\/wp-json\/wp\/v2\/posts\/21480\/revisions"}],"predecessor-version":[{"id":21482,"href":"https:\/\/sertv.gob.pa\/crisolfm\/wp-json\/wp\/v2\/posts\/21480\/revisions\/21482"}],"wp:featuredmedia":[{"embeddable":true,"href":"https:\/\/sertv.gob.pa\/crisolfm\/wp-json\/wp\/v2\/media\/21481"}],"wp:attachment":[{"href":"https:\/\/sertv.gob.pa\/crisolfm\/wp-json\/wp\/v2\/media?parent=21480"}],"wp:term":[{"taxonomy":"category","embeddable":true,"href":"https:\/\/sertv.gob.pa\/crisolfm\/wp-json\/wp\/v2\/categories?post=21480"},{"taxonomy":"post_tag","embeddable":true,"href":"https:\/\/sertv.gob.pa\/crisolfm\/wp-json\/wp\/v2\/tags?post=21480"}],"curies":[{"name":"wp","href":"https:\/\/api.w.org\/{rel}","templated":true}]}}