{"id":21483,"date":"2019-08-15T22:52:46","date_gmt":"2019-08-15T22:52:46","guid":{"rendered":"https:\/\/sertv.gob.pa\/crisolfm\/?p=21483"},"modified":"2019-08-15T22:52:46","modified_gmt":"2019-08-15T22:52:46","slug":"en-panama-la-vieja-autoridades-desarrollan-el-gabinete-turistico","status":"publish","type":"post","link":"https:\/\/sertv.gob.pa\/crisolfm\/en-panama-la-vieja-autoridades-desarrollan-el-gabinete-turistico\/","title":{"rendered":"En \u201cPanam\u00e1 La Vieja\u201d, autoridades desarrollan el Gabinete Tur\u00edstico"},"content":{"rendered":"<p>El <strong>vicepresidente de la Rep\u00fablica, Jos\u00e9 Gabriel Carrizo,<\/strong> se refiri\u00f3 en el <strong>Gabinete Tur\u00edstico <\/strong>a los acuerdos previos y los pasos que est\u00e1n dando para hacerle frente a los compromisos del pa\u00eds.<\/p>\n<p>Tenemos una agenda enmarcada en mejorar la calidad de vida de las personas y acelerar la <strong>reactivaci\u00f3n econ\u00f3mica <\/strong>e impulsar la imagen del pa\u00eds, as\u00ed como lograr que esos esfuerzos consigan m\u00e1s y mejores inversiones y visitas para mejorar la oportunidad a todos los paname\u00f1os\u00bb, se\u00f1al\u00f3.<\/p>\n<p>La <strong>cultura ser\u00e1 el eje <\/strong>a trav\u00e9s del cual se<strong> conquistar\u00e1 el coraz\u00f3n de todos los que visiten el pa\u00eds. \u00abCiudadanos serviciales, trabajadores, alegres, ser\u00e1n nuestra carta de presentaci\u00f3n ante el mundo para rescatar nuestra imagen<\/strong>\u00ab.<\/p>\n<p>&nbsp;<\/p>\n","protected":false},"excerpt":{"rendered":"<p>El vicepresidente de la Rep\u00fablica, Jos\u00e9 Gabriel Carrizo, se refiri\u00f3 <a href=\"https:\/\/sertv.gob.pa\/crisolfm\/en-panama-la-vieja-autoridades-desarrollan-el-gabinete-turistico\/\"> [&#8230;]<\/a><\/p>\n","protected":false},"author":64,"featured_media":21484,"comment_status":"closed","ping_status":"closed","sticky":false,"template":"","format":"standard","meta":{"footnotes":""},"categories":[6],"tags":[],"class_list":["post-21483","post","type-post","status-publish","format-standard","has-post-thumbnail","hentry","category-culturales"],"_links":{"self":[{"href":"https:\/\/sertv.gob.pa\/crisolfm\/wp-json\/wp\/v2\/posts\/21483","targetHints":{"allow":["GET"]}}],"collection":[{"href":"https:\/\/sertv.gob.pa\/crisolfm\/wp-json\/wp\/v2\/posts"}],"about":[{"href":"https:\/\/sertv.gob.pa\/crisolfm\/wp-json\/wp\/v2\/types\/post"}],"author":[{"embeddable":true,"href":"https:\/\/sertv.gob.pa\/crisolfm\/wp-json\/wp\/v2\/users\/64"}],"replies":[{"embeddable":true,"href":"https:\/\/sertv.gob.pa\/crisolfm\/wp-json\/wp\/v2\/comments?post=21483"}],"version-history":[{"count":1,"href":"https:\/\/sertv.gob.pa\/crisolfm\/wp-json\/wp\/v2\/posts\/21483\/revisions"}],"predecessor-version":[{"id":21485,"href":"https:\/\/sertv.gob.pa\/crisolfm\/wp-json\/wp\/v2\/posts\/21483\/revisions\/21485"}],"wp:featuredmedia":[{"embeddable":true,"href":"https:\/\/sertv.gob.pa\/crisolfm\/wp-json\/wp\/v2\/media\/21484"}],"wp:attachment":[{"href":"https:\/\/sertv.gob.pa\/crisolfm\/wp-json\/wp\/v2\/media?parent=21483"}],"wp:term":[{"taxonomy":"category","embeddable":true,"href":"https:\/\/sertv.gob.pa\/crisolfm\/wp-json\/wp\/v2\/categories?post=21483"},{"taxonomy":"post_tag","embeddable":true,"href":"https:\/\/sertv.gob.pa\/crisolfm\/wp-json\/wp\/v2\/tags?post=21483"}],"curies":[{"name":"wp","href":"https:\/\/api.w.org\/{rel}","templated":true}]}}