{"id":21486,"date":"2019-08-15T23:33:33","date_gmt":"2019-08-15T23:33:33","guid":{"rendered":"https:\/\/sertv.gob.pa\/crisolfm\/?p=21486"},"modified":"2019-08-15T23:33:33","modified_gmt":"2019-08-15T23:33:33","slug":"multiplaza-celebra-con-la-orquesta-sinfonica-nacional-los-500-anos-de-fundacion-de-panama","status":"publish","type":"post","link":"https:\/\/sertv.gob.pa\/crisolfm\/multiplaza-celebra-con-la-orquesta-sinfonica-nacional-los-500-anos-de-fundacion-de-panama\/","title":{"rendered":"Multiplaza celebra con la Orquesta Sinf\u00f3nica Nacional los 500 a\u00f1os de fundaci\u00f3n de Panam\u00e1"},"content":{"rendered":"<p>En el marco de las celebraciones de los 500 a\u00f1os de fundaci\u00f3n de Panam\u00e1, la Orquesta Sinf\u00f3nica Nacional present\u00f3 un concierto en el Centro Comercial Multiplaza Pacific donde interpret\u00f3 temas tales como \u201cPatria\u201d y \u201cLos Sentimientos del Alma\u201d, entre otros.<\/p>\n<p>Grandes y chicos pudieron deleitarse con interpretaciones a cargo del director de la Orquesta, el maestro Jorge Ledezma Bradley, quien desde 1994 nuevamente la dirige.<\/p>\n<p>&nbsp;<\/p>\n","protected":false},"excerpt":{"rendered":"<p>En el marco de las celebraciones de los 500 a\u00f1os <a href=\"https:\/\/sertv.gob.pa\/crisolfm\/multiplaza-celebra-con-la-orquesta-sinfonica-nacional-los-500-anos-de-fundacion-de-panama\/\"> [&#8230;]<\/a><\/p>\n","protected":false},"author":64,"featured_media":21487,"comment_status":"closed","ping_status":"closed","sticky":false,"template":"","format":"standard","meta":{"footnotes":""},"categories":[6],"tags":[],"class_list":["post-21486","post","type-post","status-publish","format-standard","has-post-thumbnail","hentry","category-culturales"],"_links":{"self":[{"href":"https:\/\/sertv.gob.pa\/crisolfm\/wp-json\/wp\/v2\/posts\/21486","targetHints":{"allow":["GET"]}}],"collection":[{"href":"https:\/\/sertv.gob.pa\/crisolfm\/wp-json\/wp\/v2\/posts"}],"about":[{"href":"https:\/\/sertv.gob.pa\/crisolfm\/wp-json\/wp\/v2\/types\/post"}],"author":[{"embeddable":true,"href":"https:\/\/sertv.gob.pa\/crisolfm\/wp-json\/wp\/v2\/users\/64"}],"replies":[{"embeddable":true,"href":"https:\/\/sertv.gob.pa\/crisolfm\/wp-json\/wp\/v2\/comments?post=21486"}],"version-history":[{"count":1,"href":"https:\/\/sertv.gob.pa\/crisolfm\/wp-json\/wp\/v2\/posts\/21486\/revisions"}],"predecessor-version":[{"id":21488,"href":"https:\/\/sertv.gob.pa\/crisolfm\/wp-json\/wp\/v2\/posts\/21486\/revisions\/21488"}],"wp:featuredmedia":[{"embeddable":true,"href":"https:\/\/sertv.gob.pa\/crisolfm\/wp-json\/wp\/v2\/media\/21487"}],"wp:attachment":[{"href":"https:\/\/sertv.gob.pa\/crisolfm\/wp-json\/wp\/v2\/media?parent=21486"}],"wp:term":[{"taxonomy":"category","embeddable":true,"href":"https:\/\/sertv.gob.pa\/crisolfm\/wp-json\/wp\/v2\/categories?post=21486"},{"taxonomy":"post_tag","embeddable":true,"href":"https:\/\/sertv.gob.pa\/crisolfm\/wp-json\/wp\/v2\/tags?post=21486"}],"curies":[{"name":"wp","href":"https:\/\/api.w.org\/{rel}","templated":true}]}}