{"id":21489,"date":"2019-08-16T00:41:37","date_gmt":"2019-08-16T00:41:37","guid":{"rendered":"https:\/\/sertv.gob.pa\/crisolfm\/?p=21489"},"modified":"2019-08-16T00:41:37","modified_gmt":"2019-08-16T00:41:37","slug":"gran-concierto-celebra-tus-500-anos","status":"publish","type":"post","link":"https:\/\/sertv.gob.pa\/crisolfm\/gran-concierto-celebra-tus-500-anos\/","title":{"rendered":"Gran Concierto \u201cCelebra tus 500 a\u00f1os\u201d"},"content":{"rendered":"<p>&nbsp;<\/p>\n<p>En la Arena Roberto Dur\u00e1n se est\u00e1 llevando a cabo el Gran Concierto \u201cCelebra tus 500 a\u00f1os\u201d un gran espect\u00e1culo que cuenta con grandes artistas del patio para celebrar en grande la fundaci\u00f3n de Panam\u00e1.<\/p>\n<p>Artistas de la talla de los Beachers, Gaitanes, Nando Boom, Eddy Lover, Dubosky, Omar Alfanno, Sammy y Sandra Sandoval, Osvaldo Ayala, Rabanes, Renato, Japanese, Ness, Makano, Arcadio Molinar, Comando Tibur\u00f3n, entre otros. \u00a1Felicidades PANAM\u00c1!<\/p>\n<p>&nbsp;<\/p>\n<p>&nbsp;<\/p>\n","protected":false},"excerpt":{"rendered":"<p>&nbsp; En la Arena Roberto Dur\u00e1n se est\u00e1 llevando a <a href=\"https:\/\/sertv.gob.pa\/crisolfm\/gran-concierto-celebra-tus-500-anos\/\"> [&#8230;]<\/a><\/p>\n","protected":false},"author":64,"featured_media":21490,"comment_status":"closed","ping_status":"closed","sticky":false,"template":"","format":"standard","meta":{"footnotes":""},"categories":[6],"tags":[],"class_list":["post-21489","post","type-post","status-publish","format-standard","has-post-thumbnail","hentry","category-culturales"],"_links":{"self":[{"href":"https:\/\/sertv.gob.pa\/crisolfm\/wp-json\/wp\/v2\/posts\/21489","targetHints":{"allow":["GET"]}}],"collection":[{"href":"https:\/\/sertv.gob.pa\/crisolfm\/wp-json\/wp\/v2\/posts"}],"about":[{"href":"https:\/\/sertv.gob.pa\/crisolfm\/wp-json\/wp\/v2\/types\/post"}],"author":[{"embeddable":true,"href":"https:\/\/sertv.gob.pa\/crisolfm\/wp-json\/wp\/v2\/users\/64"}],"replies":[{"embeddable":true,"href":"https:\/\/sertv.gob.pa\/crisolfm\/wp-json\/wp\/v2\/comments?post=21489"}],"version-history":[{"count":1,"href":"https:\/\/sertv.gob.pa\/crisolfm\/wp-json\/wp\/v2\/posts\/21489\/revisions"}],"predecessor-version":[{"id":21491,"href":"https:\/\/sertv.gob.pa\/crisolfm\/wp-json\/wp\/v2\/posts\/21489\/revisions\/21491"}],"wp:featuredmedia":[{"embeddable":true,"href":"https:\/\/sertv.gob.pa\/crisolfm\/wp-json\/wp\/v2\/media\/21490"}],"wp:attachment":[{"href":"https:\/\/sertv.gob.pa\/crisolfm\/wp-json\/wp\/v2\/media?parent=21489"}],"wp:term":[{"taxonomy":"category","embeddable":true,"href":"https:\/\/sertv.gob.pa\/crisolfm\/wp-json\/wp\/v2\/categories?post=21489"},{"taxonomy":"post_tag","embeddable":true,"href":"https:\/\/sertv.gob.pa\/crisolfm\/wp-json\/wp\/v2\/tags?post=21489"}],"curies":[{"name":"wp","href":"https:\/\/api.w.org\/{rel}","templated":true}]}}