{"id":21501,"date":"2019-08-16T14:20:41","date_gmt":"2019-08-16T14:20:41","guid":{"rendered":"https:\/\/sertv.gob.pa\/crisolfm\/?p=21501"},"modified":"2019-08-16T14:20:41","modified_gmt":"2019-08-16T14:20:41","slug":"con-la-tala-ya-no-habra-que-abrir-el-tapon-del-darien-segun-ministro-de-ambiente","status":"publish","type":"post","link":"https:\/\/sertv.gob.pa\/crisolfm\/con-la-tala-ya-no-habra-que-abrir-el-tapon-del-darien-segun-ministro-de-ambiente\/","title":{"rendered":"&#8216;Con la tala, ya no habr\u00e1 que abrir el Tap\u00f3n del Dari\u00e9n&#8217;, seg\u00fan ministro de Ambiente"},"content":{"rendered":"<p>La p\u00e9rdida de bosques en la provincia de Dari\u00e9n es de 11.6 hect\u00e1reas diarias, lo que representa m\u00e1s de 4,000 al a\u00f1o. \u2018Eso es demasiado para una de las pocas provincias que tiene cobertura forestal y una rica biodiversidad&#8217;, dio a conocer el ministro de Ambiente, Milciades Concepci\u00f3n, tras soltar la cifra.<\/p>\n<p>A este ritmo, en unos 20 o 30 a\u00f1os no habr\u00e1 la necesidad de abrir el Tap\u00f3n de Dari\u00e9n, porque en vez de una carretera se tendr\u00e1 una autopista, recalc\u00f3 el ministro durante una entrevista. Aclar\u00f3 que entre los planes del Gobierno no se contempla construir la carretera para conectar Panam\u00e1 con Colombia, como lo han planteado recientemente sectores empresariales.<\/p>\n<p>El ministro reconoci\u00f3 que MiAmbiente no tiene la capacidad para luchar contra la depredaci\u00f3n de los bosques y solicit\u00f3 una alianza con la ciudadan\u00eda, los organismos no gubernamentales y las autoridades locales. MiAmbiente tiene 1,700 funcionarios a nivel nacional y, parad\u00f3jicamente, en la provincia de Dari\u00e9n, que vive un \u2018desastre ambiental&#8217;, solo cuenta con 50 servidores p\u00fablicos. \u2018Con 50 funcionarios no podemos proteger Dari\u00e9n&#8217;, recalc\u00f3.<\/p>\n<p>Eso s\u00ed, expres\u00f3, se han comenzado a tomar medidas que van desde cambios constitucionales hasta hacer cumplir las leyes. \u2018El problema es que antes no se cumpl\u00edan las leyes, no se aplicaban y hab\u00eda un desastre ambiental en Dari\u00e9n&#8217;, se\u00f1al\u00f3 Concepci\u00f3n.<\/p>\n<p>&nbsp;<\/p>\n","protected":false},"excerpt":{"rendered":"<p>La p\u00e9rdida de bosques en la provincia de Dari\u00e9n es <a href=\"https:\/\/sertv.gob.pa\/crisolfm\/con-la-tala-ya-no-habra-que-abrir-el-tapon-del-darien-segun-ministro-de-ambiente\/\"> [&#8230;]<\/a><\/p>\n","protected":false},"author":64,"featured_media":21502,"comment_status":"closed","ping_status":"closed","sticky":false,"template":"","format":"standard","meta":{"footnotes":""},"categories":[7],"tags":[],"class_list":["post-21501","post","type-post","status-publish","format-standard","has-post-thumbnail","hentry","category-ecologicas"],"_links":{"self":[{"href":"https:\/\/sertv.gob.pa\/crisolfm\/wp-json\/wp\/v2\/posts\/21501","targetHints":{"allow":["GET"]}}],"collection":[{"href":"https:\/\/sertv.gob.pa\/crisolfm\/wp-json\/wp\/v2\/posts"}],"about":[{"href":"https:\/\/sertv.gob.pa\/crisolfm\/wp-json\/wp\/v2\/types\/post"}],"author":[{"embeddable":true,"href":"https:\/\/sertv.gob.pa\/crisolfm\/wp-json\/wp\/v2\/users\/64"}],"replies":[{"embeddable":true,"href":"https:\/\/sertv.gob.pa\/crisolfm\/wp-json\/wp\/v2\/comments?post=21501"}],"version-history":[{"count":1,"href":"https:\/\/sertv.gob.pa\/crisolfm\/wp-json\/wp\/v2\/posts\/21501\/revisions"}],"predecessor-version":[{"id":21503,"href":"https:\/\/sertv.gob.pa\/crisolfm\/wp-json\/wp\/v2\/posts\/21501\/revisions\/21503"}],"wp:featuredmedia":[{"embeddable":true,"href":"https:\/\/sertv.gob.pa\/crisolfm\/wp-json\/wp\/v2\/media\/21502"}],"wp:attachment":[{"href":"https:\/\/sertv.gob.pa\/crisolfm\/wp-json\/wp\/v2\/media?parent=21501"}],"wp:term":[{"taxonomy":"category","embeddable":true,"href":"https:\/\/sertv.gob.pa\/crisolfm\/wp-json\/wp\/v2\/categories?post=21501"},{"taxonomy":"post_tag","embeddable":true,"href":"https:\/\/sertv.gob.pa\/crisolfm\/wp-json\/wp\/v2\/tags?post=21501"}],"curies":[{"name":"wp","href":"https:\/\/api.w.org\/{rel}","templated":true}]}}