{"id":21504,"date":"2019-08-16T14:40:59","date_gmt":"2019-08-16T14:40:59","guid":{"rendered":"https:\/\/sertv.gob.pa\/crisolfm\/?p=21504"},"modified":"2019-08-16T14:40:59","modified_gmt":"2019-08-16T14:40:59","slug":"todos-cambiamos-del-cineasta-panameno-alberto-montenegro-ya-en-las-salas-de-cine","status":"publish","type":"post","link":"https:\/\/sertv.gob.pa\/crisolfm\/todos-cambiamos-del-cineasta-panameno-alberto-montenegro-ya-en-las-salas-de-cine\/","title":{"rendered":"\u201cTodos cambiamos\u201d, del cineasta paname\u00f1o Alberto Montenegro ya en las  salas de cine"},"content":{"rendered":"<p>\u2018Todos cambiamos&#8217;, la nueva cinta del cineasta paname\u00f1o Alberto Montenegro, ya se est\u00e1 proyectando en todas las salas de Cin\u00e9polis Panam\u00e1.<\/p>\n<p>En este filme de conciencia social, grabado en los mejores paisajes nacionales y en Tailandia, la vida de una familia tradicional da un giro inesperado cuando uno de sus miembros decide hacer un cambio dr\u00e1stico hasta someterse a las cr\u00edticas y a sus propios prejuicios.<\/p>\n<p>&nbsp;<\/p>\n","protected":false},"excerpt":{"rendered":"<p>\u2018Todos cambiamos&#8217;, la nueva cinta del cineasta paname\u00f1o Alberto Montenegro, <a href=\"https:\/\/sertv.gob.pa\/crisolfm\/todos-cambiamos-del-cineasta-panameno-alberto-montenegro-ya-en-las-salas-de-cine\/\"> [&#8230;]<\/a><\/p>\n","protected":false},"author":64,"featured_media":21505,"comment_status":"closed","ping_status":"closed","sticky":false,"template":"","format":"standard","meta":{"footnotes":""},"categories":[6],"tags":[],"class_list":["post-21504","post","type-post","status-publish","format-standard","has-post-thumbnail","hentry","category-culturales"],"_links":{"self":[{"href":"https:\/\/sertv.gob.pa\/crisolfm\/wp-json\/wp\/v2\/posts\/21504","targetHints":{"allow":["GET"]}}],"collection":[{"href":"https:\/\/sertv.gob.pa\/crisolfm\/wp-json\/wp\/v2\/posts"}],"about":[{"href":"https:\/\/sertv.gob.pa\/crisolfm\/wp-json\/wp\/v2\/types\/post"}],"author":[{"embeddable":true,"href":"https:\/\/sertv.gob.pa\/crisolfm\/wp-json\/wp\/v2\/users\/64"}],"replies":[{"embeddable":true,"href":"https:\/\/sertv.gob.pa\/crisolfm\/wp-json\/wp\/v2\/comments?post=21504"}],"version-history":[{"count":1,"href":"https:\/\/sertv.gob.pa\/crisolfm\/wp-json\/wp\/v2\/posts\/21504\/revisions"}],"predecessor-version":[{"id":21506,"href":"https:\/\/sertv.gob.pa\/crisolfm\/wp-json\/wp\/v2\/posts\/21504\/revisions\/21506"}],"wp:featuredmedia":[{"embeddable":true,"href":"https:\/\/sertv.gob.pa\/crisolfm\/wp-json\/wp\/v2\/media\/21505"}],"wp:attachment":[{"href":"https:\/\/sertv.gob.pa\/crisolfm\/wp-json\/wp\/v2\/media?parent=21504"}],"wp:term":[{"taxonomy":"category","embeddable":true,"href":"https:\/\/sertv.gob.pa\/crisolfm\/wp-json\/wp\/v2\/categories?post=21504"},{"taxonomy":"post_tag","embeddable":true,"href":"https:\/\/sertv.gob.pa\/crisolfm\/wp-json\/wp\/v2\/tags?post=21504"}],"curies":[{"name":"wp","href":"https:\/\/api.w.org\/{rel}","templated":true}]}}