{"id":21511,"date":"2019-08-16T15:19:00","date_gmt":"2019-08-16T15:19:00","guid":{"rendered":"https:\/\/sertv.gob.pa\/crisolfm\/?p=21511"},"modified":"2019-08-16T15:19:00","modified_gmt":"2019-08-16T15:19:00","slug":"gobierno-de-grecia-continua-su-combate-contra-los-incendios","status":"publish","type":"post","link":"https:\/\/sertv.gob.pa\/crisolfm\/gobierno-de-grecia-continua-su-combate-contra-los-incendios\/","title":{"rendered":"Gobierno de Grecia contin\u00faa su combate contra los incendios"},"content":{"rendered":"<p>Las autoridades<strong> griegas enviaron refuerzos el jueves a los bomberos<\/strong>, que luchan contra<strong> un enorme incendio en una reserva natural en la isla de Evia<\/strong>, mientras hidroaviones intentaban extinguir las llamas en un ca\u00f1\u00f3n de dif\u00edcil acceso. Al cumplirse el tercer d\u00eda de la conflagraci\u00f3n, <strong>12 aviones cisterna, entre ellos dos enviados por Italia y Espa\u00f1a y 11 helic\u00f3pteros reanudaron sus vuelo<\/strong>s poco despu\u00e9s del amanecer, seg\u00fan el departamento de bomberos. Alrededor de un centenar de bomberos adicionales fueron enviados a la zona durante la noche, elevando a 382 el n\u00famero de efectivos sobre el terreno.<\/p>\n<p><strong>El fuego se origin\u00f3 alrededor de las 3 de la madrugada del martes<\/strong> y arras\u00f3 una densa reserva natural de pinos. Cuatro localidades fueron desalojadas el primer d\u00eda, aunque algunos residentes volvieron a sus casas el mi\u00e9rcoles. Un bombero que sufri\u00f3 quemaduras por las llamas fue sometido a una operaci\u00f3n el jueves. Grecia declar\u00f3 el estado de emergencia en la zona<strong> y solicit\u00f3 asistencia de otros pa\u00edses europeos.<\/strong><\/p>\n<p>En el primer d\u00eda,<strong> la labor de los bomberos se vio frustrada por vientos fuertes que avivaron las llamas<\/strong> y llevaron humo hasta la capital, Atenas, a unos 70 kil\u00f3metros (45 millas) al sur. Los vientos amainaron el jueves, pero el terreno agreste segu\u00eda siendo un obst\u00e1culo, pues era dif\u00edcil maniobrar entre los barrancos y ca\u00f1ones. Por lo menos <strong>dos nuevos incendios estallaron el jueves<\/strong>, uno en el sur de Grecia y uno en la isla de Zakintos, dijeron los bomberos.<\/p>\n<p>&nbsp;<\/p>\n","protected":false},"excerpt":{"rendered":"<p>Las autoridades griegas enviaron refuerzos el jueves a los bomberos, <a href=\"https:\/\/sertv.gob.pa\/crisolfm\/gobierno-de-grecia-continua-su-combate-contra-los-incendios\/\"> [&#8230;]<\/a><\/p>\n","protected":false},"author":64,"featured_media":21512,"comment_status":"closed","ping_status":"closed","sticky":false,"template":"","format":"standard","meta":{"footnotes":""},"categories":[7],"tags":[],"class_list":["post-21511","post","type-post","status-publish","format-standard","has-post-thumbnail","hentry","category-ecologicas"],"_links":{"self":[{"href":"https:\/\/sertv.gob.pa\/crisolfm\/wp-json\/wp\/v2\/posts\/21511","targetHints":{"allow":["GET"]}}],"collection":[{"href":"https:\/\/sertv.gob.pa\/crisolfm\/wp-json\/wp\/v2\/posts"}],"about":[{"href":"https:\/\/sertv.gob.pa\/crisolfm\/wp-json\/wp\/v2\/types\/post"}],"author":[{"embeddable":true,"href":"https:\/\/sertv.gob.pa\/crisolfm\/wp-json\/wp\/v2\/users\/64"}],"replies":[{"embeddable":true,"href":"https:\/\/sertv.gob.pa\/crisolfm\/wp-json\/wp\/v2\/comments?post=21511"}],"version-history":[{"count":1,"href":"https:\/\/sertv.gob.pa\/crisolfm\/wp-json\/wp\/v2\/posts\/21511\/revisions"}],"predecessor-version":[{"id":21513,"href":"https:\/\/sertv.gob.pa\/crisolfm\/wp-json\/wp\/v2\/posts\/21511\/revisions\/21513"}],"wp:featuredmedia":[{"embeddable":true,"href":"https:\/\/sertv.gob.pa\/crisolfm\/wp-json\/wp\/v2\/media\/21512"}],"wp:attachment":[{"href":"https:\/\/sertv.gob.pa\/crisolfm\/wp-json\/wp\/v2\/media?parent=21511"}],"wp:term":[{"taxonomy":"category","embeddable":true,"href":"https:\/\/sertv.gob.pa\/crisolfm\/wp-json\/wp\/v2\/categories?post=21511"},{"taxonomy":"post_tag","embeddable":true,"href":"https:\/\/sertv.gob.pa\/crisolfm\/wp-json\/wp\/v2\/tags?post=21511"}],"curies":[{"name":"wp","href":"https:\/\/api.w.org\/{rel}","templated":true}]}}