{"id":21524,"date":"2019-08-16T16:17:02","date_gmt":"2019-08-16T16:17:02","guid":{"rendered":"https:\/\/sertv.gob.pa\/crisolfm\/?p=21524"},"modified":"2019-08-16T16:17:02","modified_gmt":"2019-08-16T16:17:02","slug":"javier-alvarado-escritor-panameno-presenta-su-nuevo-poemario-el-que-trajo-el-pacifico-en-fil-2019","status":"publish","type":"post","link":"https:\/\/sertv.gob.pa\/crisolfm\/javier-alvarado-escritor-panameno-presenta-su-nuevo-poemario-el-que-trajo-el-pacifico-en-fil-2019\/","title":{"rendered":"Javier Alvarado, escritor paname\u00f1o, presenta su nuevo poemario \u2018El que trajo el Pac\u00edfico\u2019 en FIL 2019"},"content":{"rendered":"<p>El escritor paname\u00f1o, Javier Alvarado, present\u00f3 este jueves su nuevo poemario <strong>El que trajo el Pac\u00edfico<\/strong> en la Feria Internacional del Libro en el sal\u00f3n Poes\u00eda del Centro de Convenciones Atlapa.<\/p>\n<p>La obra es una mirada de los 500 a\u00f1os de la ciudad de Panam\u00e1, \u00absobre todo la importancia del oc\u00e9ano Pac\u00edfico\u00bb, en el que igualmente se dedican poemas a personajes de la historia paname\u00f1a. El autor detall\u00f3 que entre las figuras a las que le dedica poemas destacan el cacique Urrac\u00e1, el escritor Ricardo Mir\u00f3 y Amelia Denis de Icaza.<\/p>\n<p>Cuenta el escritor que este libro es la segunda parte del texto \u201cEl mar que me habita\u201d, ganador del premio Rub\u00e9n Dar\u00edo en el a\u00f1o 2011.<\/p>\n<p>&nbsp;<\/p>\n","protected":false},"excerpt":{"rendered":"<p>El escritor paname\u00f1o, Javier Alvarado, present\u00f3 este jueves su nuevo <a href=\"https:\/\/sertv.gob.pa\/crisolfm\/javier-alvarado-escritor-panameno-presenta-su-nuevo-poemario-el-que-trajo-el-pacifico-en-fil-2019\/\"> [&#8230;]<\/a><\/p>\n","protected":false},"author":64,"featured_media":21525,"comment_status":"closed","ping_status":"closed","sticky":false,"template":"","format":"standard","meta":{"footnotes":""},"categories":[6],"tags":[],"class_list":["post-21524","post","type-post","status-publish","format-standard","has-post-thumbnail","hentry","category-culturales"],"_links":{"self":[{"href":"https:\/\/sertv.gob.pa\/crisolfm\/wp-json\/wp\/v2\/posts\/21524","targetHints":{"allow":["GET"]}}],"collection":[{"href":"https:\/\/sertv.gob.pa\/crisolfm\/wp-json\/wp\/v2\/posts"}],"about":[{"href":"https:\/\/sertv.gob.pa\/crisolfm\/wp-json\/wp\/v2\/types\/post"}],"author":[{"embeddable":true,"href":"https:\/\/sertv.gob.pa\/crisolfm\/wp-json\/wp\/v2\/users\/64"}],"replies":[{"embeddable":true,"href":"https:\/\/sertv.gob.pa\/crisolfm\/wp-json\/wp\/v2\/comments?post=21524"}],"version-history":[{"count":1,"href":"https:\/\/sertv.gob.pa\/crisolfm\/wp-json\/wp\/v2\/posts\/21524\/revisions"}],"predecessor-version":[{"id":21526,"href":"https:\/\/sertv.gob.pa\/crisolfm\/wp-json\/wp\/v2\/posts\/21524\/revisions\/21526"}],"wp:featuredmedia":[{"embeddable":true,"href":"https:\/\/sertv.gob.pa\/crisolfm\/wp-json\/wp\/v2\/media\/21525"}],"wp:attachment":[{"href":"https:\/\/sertv.gob.pa\/crisolfm\/wp-json\/wp\/v2\/media?parent=21524"}],"wp:term":[{"taxonomy":"category","embeddable":true,"href":"https:\/\/sertv.gob.pa\/crisolfm\/wp-json\/wp\/v2\/categories?post=21524"},{"taxonomy":"post_tag","embeddable":true,"href":"https:\/\/sertv.gob.pa\/crisolfm\/wp-json\/wp\/v2\/tags?post=21524"}],"curies":[{"name":"wp","href":"https:\/\/api.w.org\/{rel}","templated":true}]}}