{"id":21533,"date":"2019-08-19T13:28:49","date_gmt":"2019-08-19T13:28:49","guid":{"rendered":"https:\/\/sertv.gob.pa\/crisolfm\/?p=21533"},"modified":"2019-08-19T13:28:49","modified_gmt":"2019-08-19T13:28:49","slug":"el-23-festival-de-cine-de-lima-lo-gana-la-pelicula-brasilena-bacurau","status":"publish","type":"post","link":"https:\/\/sertv.gob.pa\/crisolfm\/el-23-festival-de-cine-de-lima-lo-gana-la-pelicula-brasilena-bacurau\/","title":{"rendered":"El 23 Festival de Cine de Lima lo gana la pel\u00edcula brasile\u00f1a \u201cBacurau\u201d"},"content":{"rendered":"<p>La pel\u00edcula Bacurau, de los brasile\u00f1os Kleber Mendon\u00e7a Filho y Juliano Dornelles, se llev\u00f3 la noche del s\u00e1bado el premio a mejor pel\u00edcula en el 23\u00ba Festival de Cine de Lima, en el que tambi\u00e9n destacaron las participaciones de M\u00e9xico y Colombia, informaron el domingo los organizadores. Bacurau, que se llev\u00f3 tambi\u00e9n el premio a mejor direcci\u00f3n, narra la historia de un pueblo aut\u00f3ctono de Brasil acechado por un grupo de asesinos estadounidenses.<\/p>\n<p>La cinta cuenta una serie de extra\u00f1os sucesos ocurridos en el peque\u00f1o pueblo, que llevar\u00e1n a sus habitantes a unirse para enfrentar cualquier amenaza. Narrado en clave de western, pero tambi\u00e9n con componentes de realismo m\u00e1gico y ciencia ficci\u00f3n, Bacurau destac\u00f3 por su ambiciosa y enigm\u00e1tica puesta en escena, indicaron los organizadores.<\/p>\n<p>El filme tiene como protagonistas a la actriz Sonia Braga y al alem\u00e1n Udo Kier. En mayo, recibi\u00f3 el premio del jurado del Festival de Cannes.<\/p>\n<p>AFP<\/p>\n","protected":false},"excerpt":{"rendered":"<p>La pel\u00edcula Bacurau, de los brasile\u00f1os Kleber Mendon\u00e7a Filho y <a href=\"https:\/\/sertv.gob.pa\/crisolfm\/el-23-festival-de-cine-de-lima-lo-gana-la-pelicula-brasilena-bacurau\/\"> [&#8230;]<\/a><\/p>\n","protected":false},"author":64,"featured_media":21534,"comment_status":"closed","ping_status":"closed","sticky":false,"template":"","format":"standard","meta":{"footnotes":""},"categories":[6],"tags":[],"class_list":["post-21533","post","type-post","status-publish","format-standard","has-post-thumbnail","hentry","category-culturales"],"_links":{"self":[{"href":"https:\/\/sertv.gob.pa\/crisolfm\/wp-json\/wp\/v2\/posts\/21533","targetHints":{"allow":["GET"]}}],"collection":[{"href":"https:\/\/sertv.gob.pa\/crisolfm\/wp-json\/wp\/v2\/posts"}],"about":[{"href":"https:\/\/sertv.gob.pa\/crisolfm\/wp-json\/wp\/v2\/types\/post"}],"author":[{"embeddable":true,"href":"https:\/\/sertv.gob.pa\/crisolfm\/wp-json\/wp\/v2\/users\/64"}],"replies":[{"embeddable":true,"href":"https:\/\/sertv.gob.pa\/crisolfm\/wp-json\/wp\/v2\/comments?post=21533"}],"version-history":[{"count":1,"href":"https:\/\/sertv.gob.pa\/crisolfm\/wp-json\/wp\/v2\/posts\/21533\/revisions"}],"predecessor-version":[{"id":21535,"href":"https:\/\/sertv.gob.pa\/crisolfm\/wp-json\/wp\/v2\/posts\/21533\/revisions\/21535"}],"wp:featuredmedia":[{"embeddable":true,"href":"https:\/\/sertv.gob.pa\/crisolfm\/wp-json\/wp\/v2\/media\/21534"}],"wp:attachment":[{"href":"https:\/\/sertv.gob.pa\/crisolfm\/wp-json\/wp\/v2\/media?parent=21533"}],"wp:term":[{"taxonomy":"category","embeddable":true,"href":"https:\/\/sertv.gob.pa\/crisolfm\/wp-json\/wp\/v2\/categories?post=21533"},{"taxonomy":"post_tag","embeddable":true,"href":"https:\/\/sertv.gob.pa\/crisolfm\/wp-json\/wp\/v2\/tags?post=21533"}],"curies":[{"name":"wp","href":"https:\/\/api.w.org\/{rel}","templated":true}]}}