{"id":21536,"date":"2019-08-19T13:36:29","date_gmt":"2019-08-19T13:36:29","guid":{"rendered":"https:\/\/sertv.gob.pa\/crisolfm\/?p=21536"},"modified":"2019-08-19T13:36:29","modified_gmt":"2019-08-19T13:36:29","slug":"festival-del-manito-de-ocu-concluye-con-desfile-folclorico","status":"publish","type":"post","link":"https:\/\/sertv.gob.pa\/crisolfm\/festival-del-manito-de-ocu-concluye-con-desfile-folclorico\/","title":{"rendered":"Festival del Manito de Oc\u00fa concluye con desfile folcl\u00f3rico"},"content":{"rendered":"<p>Este domingo 18 de agosto las m\u00e1s genuinas expresiones del pueblo ocue\u00f1o quedaron plasmadas en el desfile folcl\u00f3rico tradicional que puso fin al cuadrag\u00e9simo octavo Festival Nacional del Manito de Oc\u00fa, en la provincia de Herrera.<\/p>\n<p>El \u00abpenitente de la otra vida\u00bb, el \u00abmuerto en talanquera\u00bb, la \u00abcarga del rancho\u00bb, el \u00abenfermo en hamaca\u00bb, el matrimonio t\u00edpico ocue\u00f1o\u201d, la \u00abpiladera de arroz\u00bb, la saloma y el grito son entre otras las facetas costumbristas que replican los estudiantes y lugare\u00f1os de las comunidades de todo el distrito de Oc\u00fa. Y es que por varias horas las estrechas calles de Oc\u00fa se vistieron de las m\u00e1s genuinas expresiones del hombre del campo.<\/p>\n<p>Este a\u00f1o fue distinguido como abanderado el vicepresidente de la Rep\u00fablica, Jos\u00e9 Gabriel Carrizo, quien estuvo acompa\u00f1ado por el presidente de la Asamblea Nacional, Marcos Castillero. Igualmente estuvieron algunos diputados al igual que ministros y directores de instituciones de gobierno.<\/p>\n<p>&nbsp;<\/p>\n<p>&nbsp;<\/p>\n<p>&nbsp;<\/p>\n","protected":false},"excerpt":{"rendered":"<p>Este domingo 18 de agosto las m\u00e1s genuinas expresiones del <a href=\"https:\/\/sertv.gob.pa\/crisolfm\/festival-del-manito-de-ocu-concluye-con-desfile-folclorico\/\"> [&#8230;]<\/a><\/p>\n","protected":false},"author":64,"featured_media":21537,"comment_status":"closed","ping_status":"closed","sticky":false,"template":"","format":"standard","meta":{"footnotes":""},"categories":[6],"tags":[],"class_list":["post-21536","post","type-post","status-publish","format-standard","has-post-thumbnail","hentry","category-culturales"],"_links":{"self":[{"href":"https:\/\/sertv.gob.pa\/crisolfm\/wp-json\/wp\/v2\/posts\/21536","targetHints":{"allow":["GET"]}}],"collection":[{"href":"https:\/\/sertv.gob.pa\/crisolfm\/wp-json\/wp\/v2\/posts"}],"about":[{"href":"https:\/\/sertv.gob.pa\/crisolfm\/wp-json\/wp\/v2\/types\/post"}],"author":[{"embeddable":true,"href":"https:\/\/sertv.gob.pa\/crisolfm\/wp-json\/wp\/v2\/users\/64"}],"replies":[{"embeddable":true,"href":"https:\/\/sertv.gob.pa\/crisolfm\/wp-json\/wp\/v2\/comments?post=21536"}],"version-history":[{"count":1,"href":"https:\/\/sertv.gob.pa\/crisolfm\/wp-json\/wp\/v2\/posts\/21536\/revisions"}],"predecessor-version":[{"id":21538,"href":"https:\/\/sertv.gob.pa\/crisolfm\/wp-json\/wp\/v2\/posts\/21536\/revisions\/21538"}],"wp:featuredmedia":[{"embeddable":true,"href":"https:\/\/sertv.gob.pa\/crisolfm\/wp-json\/wp\/v2\/media\/21537"}],"wp:attachment":[{"href":"https:\/\/sertv.gob.pa\/crisolfm\/wp-json\/wp\/v2\/media?parent=21536"}],"wp:term":[{"taxonomy":"category","embeddable":true,"href":"https:\/\/sertv.gob.pa\/crisolfm\/wp-json\/wp\/v2\/categories?post=21536"},{"taxonomy":"post_tag","embeddable":true,"href":"https:\/\/sertv.gob.pa\/crisolfm\/wp-json\/wp\/v2\/tags?post=21536"}],"curies":[{"name":"wp","href":"https:\/\/api.w.org\/{rel}","templated":true}]}}