{"id":21539,"date":"2019-08-19T13:43:25","date_gmt":"2019-08-19T13:43:25","guid":{"rendered":"https:\/\/sertv.gob.pa\/crisolfm\/?p=21539"},"modified":"2019-08-19T13:43:25","modified_gmt":"2019-08-19T13:43:25","slug":"islandia-despide-a-su-primer-glaciar-desaparecido-por-el-recalentamiento-global","status":"publish","type":"post","link":"https:\/\/sertv.gob.pa\/crisolfm\/islandia-despide-a-su-primer-glaciar-desaparecido-por-el-recalentamiento-global\/","title":{"rendered":"Islandia despide a su primer glaciar desaparecido por el recalentamiento global"},"content":{"rendered":"<p>Islandia inaugur\u00f3 este domingo una placa en homenaje de Okjokull, primer glaciar de la isla que perdi\u00f3 su rango devorado por el calentamiento global, una oportunidad para los cient\u00edficos de alertar sobre las consecuencias del cambio clim\u00e1tico. La placa conmemorativa fue presentada por la tarde en el lugar del antiguo Okjokull (literalmente \u00abglaciar Ok\u00bb en island\u00e9s), en el oeste de la isla.<\/p>\n<p>\u00abEspero que esta ceremonia sea una fuente de inspiraci\u00f3n no solo para nosotros aqu\u00ed en Islandia sino tambi\u00e9n para el resto del mundo, porque lo que vemos aqu\u00ed es solo un rostro de la crisis clim\u00e1tica\u00bb, declar\u00f3 a la AFP la primera ministra islandesa, Katr\u00edn Jakobsd\u00f3ttir, que pronunci\u00f3 un corto discurso.<\/p>\n<p>Con la placa en letras doradas titulada en island\u00e9s y en ingl\u00e9s \u00abUna carta para el futuro\u00bb, los investigadores esperan concienciar a la poblaci\u00f3n ante el declive de los glaciares y los efectos del cambio clim\u00e1tico.<\/p>\n<p>&nbsp;<\/p>\n<p>AFP<\/p>\n<p>&nbsp;<\/p>\n<p>&nbsp;<\/p>\n<p>&nbsp;<\/p>\n","protected":false},"excerpt":{"rendered":"<p>Islandia inaugur\u00f3 este domingo una placa en homenaje de Okjokull, <a href=\"https:\/\/sertv.gob.pa\/crisolfm\/islandia-despide-a-su-primer-glaciar-desaparecido-por-el-recalentamiento-global\/\"> [&#8230;]<\/a><\/p>\n","protected":false},"author":64,"featured_media":21540,"comment_status":"closed","ping_status":"closed","sticky":false,"template":"","format":"standard","meta":{"footnotes":""},"categories":[7],"tags":[],"class_list":["post-21539","post","type-post","status-publish","format-standard","has-post-thumbnail","hentry","category-ecologicas"],"_links":{"self":[{"href":"https:\/\/sertv.gob.pa\/crisolfm\/wp-json\/wp\/v2\/posts\/21539","targetHints":{"allow":["GET"]}}],"collection":[{"href":"https:\/\/sertv.gob.pa\/crisolfm\/wp-json\/wp\/v2\/posts"}],"about":[{"href":"https:\/\/sertv.gob.pa\/crisolfm\/wp-json\/wp\/v2\/types\/post"}],"author":[{"embeddable":true,"href":"https:\/\/sertv.gob.pa\/crisolfm\/wp-json\/wp\/v2\/users\/64"}],"replies":[{"embeddable":true,"href":"https:\/\/sertv.gob.pa\/crisolfm\/wp-json\/wp\/v2\/comments?post=21539"}],"version-history":[{"count":1,"href":"https:\/\/sertv.gob.pa\/crisolfm\/wp-json\/wp\/v2\/posts\/21539\/revisions"}],"predecessor-version":[{"id":21541,"href":"https:\/\/sertv.gob.pa\/crisolfm\/wp-json\/wp\/v2\/posts\/21539\/revisions\/21541"}],"wp:featuredmedia":[{"embeddable":true,"href":"https:\/\/sertv.gob.pa\/crisolfm\/wp-json\/wp\/v2\/media\/21540"}],"wp:attachment":[{"href":"https:\/\/sertv.gob.pa\/crisolfm\/wp-json\/wp\/v2\/media?parent=21539"}],"wp:term":[{"taxonomy":"category","embeddable":true,"href":"https:\/\/sertv.gob.pa\/crisolfm\/wp-json\/wp\/v2\/categories?post=21539"},{"taxonomy":"post_tag","embeddable":true,"href":"https:\/\/sertv.gob.pa\/crisolfm\/wp-json\/wp\/v2\/tags?post=21539"}],"curies":[{"name":"wp","href":"https:\/\/api.w.org\/{rel}","templated":true}]}}