{"id":21545,"date":"2019-08-19T14:14:27","date_gmt":"2019-08-19T14:14:27","guid":{"rendered":"https:\/\/sertv.gob.pa\/crisolfm\/?p=21545"},"modified":"2019-08-19T14:14:27","modified_gmt":"2019-08-19T14:14:27","slug":"la-danza-festeja-el-dia-mundial-del-folclor","status":"publish","type":"post","link":"https:\/\/sertv.gob.pa\/crisolfm\/la-danza-festeja-el-dia-mundial-del-folclor\/","title":{"rendered":"La danza festeja el D\u00eda Mundial del Folclor"},"content":{"rendered":"<p>El Ministerio de Cultura y la Escuela de Danzas se unen para conmemorar el D\u00eda Mundial del Folclor y estar\u00e1n presentando diferentes grupos art\u00edsticos, que brindar\u00e1n un espect\u00e1culo de baile tradicional.<\/p>\n<p>La Unesco declar\u00f3 que cada 22 de agosto se celebre este d\u00eda en honor al arque\u00f3logo brit\u00e1nico William G. Thorns, quien us\u00f3 el t\u00e9rmino por primera vez en una carta publicada en la revista londinense Atheneum.<\/p>\n<p>El evento se llevar\u00e1 a cabo este 30 de agosto en el pasillo de los delfines en Albrook Mall de 5:00 a 7:00 de la noche. La entrada es gratis.<\/p>\n<p>&nbsp;<\/p>\n<p>&nbsp;<\/p>\n","protected":false},"excerpt":{"rendered":"<p>El Ministerio de Cultura y la Escuela de Danzas se <a href=\"https:\/\/sertv.gob.pa\/crisolfm\/la-danza-festeja-el-dia-mundial-del-folclor\/\"> [&#8230;]<\/a><\/p>\n","protected":false},"author":64,"featured_media":21546,"comment_status":"closed","ping_status":"closed","sticky":false,"template":"","format":"standard","meta":{"footnotes":""},"categories":[6],"tags":[],"class_list":["post-21545","post","type-post","status-publish","format-standard","has-post-thumbnail","hentry","category-culturales"],"_links":{"self":[{"href":"https:\/\/sertv.gob.pa\/crisolfm\/wp-json\/wp\/v2\/posts\/21545","targetHints":{"allow":["GET"]}}],"collection":[{"href":"https:\/\/sertv.gob.pa\/crisolfm\/wp-json\/wp\/v2\/posts"}],"about":[{"href":"https:\/\/sertv.gob.pa\/crisolfm\/wp-json\/wp\/v2\/types\/post"}],"author":[{"embeddable":true,"href":"https:\/\/sertv.gob.pa\/crisolfm\/wp-json\/wp\/v2\/users\/64"}],"replies":[{"embeddable":true,"href":"https:\/\/sertv.gob.pa\/crisolfm\/wp-json\/wp\/v2\/comments?post=21545"}],"version-history":[{"count":1,"href":"https:\/\/sertv.gob.pa\/crisolfm\/wp-json\/wp\/v2\/posts\/21545\/revisions"}],"predecessor-version":[{"id":21547,"href":"https:\/\/sertv.gob.pa\/crisolfm\/wp-json\/wp\/v2\/posts\/21545\/revisions\/21547"}],"wp:featuredmedia":[{"embeddable":true,"href":"https:\/\/sertv.gob.pa\/crisolfm\/wp-json\/wp\/v2\/media\/21546"}],"wp:attachment":[{"href":"https:\/\/sertv.gob.pa\/crisolfm\/wp-json\/wp\/v2\/media?parent=21545"}],"wp:term":[{"taxonomy":"category","embeddable":true,"href":"https:\/\/sertv.gob.pa\/crisolfm\/wp-json\/wp\/v2\/categories?post=21545"},{"taxonomy":"post_tag","embeddable":true,"href":"https:\/\/sertv.gob.pa\/crisolfm\/wp-json\/wp\/v2\/tags?post=21545"}],"curies":[{"name":"wp","href":"https:\/\/api.w.org\/{rel}","templated":true}]}}