{"id":21554,"date":"2019-08-19T15:36:13","date_gmt":"2019-08-19T15:36:13","guid":{"rendered":"https:\/\/sertv.gob.pa\/crisolfm\/?p=21554"},"modified":"2019-08-19T15:36:13","modified_gmt":"2019-08-19T15:36:13","slug":"actor-javier-bardem-exigira-a-onu-un-tratado-para-proteccion-de-los-oceanos","status":"publish","type":"post","link":"https:\/\/sertv.gob.pa\/crisolfm\/actor-javier-bardem-exigira-a-onu-un-tratado-para-proteccion-de-los-oceanos\/","title":{"rendered":"Actor Javier Bardem exigir\u00e1 a ONU un Tratado para protecci\u00f3n de los oc\u00e9anos"},"content":{"rendered":"<p>Con motivo del inicio de la reuni\u00f3n este lunes para debatir sobre el futuro de los mares y la tercera de las cuatro rondas de reuniones que se celebran en la ONU para <strong>lograr un tratado global para los oc\u00e9anos<\/strong>, Greenpeace realizar\u00e1 en Nueva York un conjunto de movilizaciones en las que participar\u00e1 Bardem. Las negociaciones del Tratado Global de los Oc\u00e9anos duran ya una d\u00e9cada y Bardem se dirigir\u00e1 a los delegados de los Estados miembro para insistirles en la necesidad de proteger los oc\u00e9anos.<\/p>\n<p>Adem\u00e1s, a las 9.30 horas participar\u00e1 en una sesi\u00f3n de fotos en Times Square donde la ONG proyectar\u00e1 mensajes en sus pantallas. Posteriormente, a las 13.15 horas en la sala de conferencias de Naciones Unidas, Bardem participar\u00e1 junto a la cient\u00edfica ambiental de la Universidad de Nueva York Jennifer Jacquet; la bi\u00f3loga marina y responsable de la campa\u00f1a<strong> &#8216;Protect the Oceans&#8217; <\/strong>de Greenpeace Alemania Sandra Schottner; la estratega pol\u00edtica de Greenpeace Internacional, Sofia Tsenikli y la fundadora de Women4Oceans, Farah Yasmin Obaidullah.<\/p>\n<p>Bardem recuerda que<strong> los oc\u00e9anos est\u00e1n \u00abal borde del colapso\u00bb<\/strong>. \u00abTodos tenemos nuestra parte de culpa. Por eso ahora tambi\u00e9n todos tenemos que asumir nuestro papel asegurando un Tratado Global de los Oc\u00e9anos fuerte y s\u00f3lido\u00bb, ha reclamado.<\/p>\n<p>ECOticias<\/p>\n","protected":false},"excerpt":{"rendered":"<p>Con motivo del inicio de la reuni\u00f3n este lunes para <a href=\"https:\/\/sertv.gob.pa\/crisolfm\/actor-javier-bardem-exigira-a-onu-un-tratado-para-proteccion-de-los-oceanos\/\"> [&#8230;]<\/a><\/p>\n","protected":false},"author":64,"featured_media":21555,"comment_status":"closed","ping_status":"closed","sticky":false,"template":"","format":"standard","meta":{"footnotes":""},"categories":[7],"tags":[],"class_list":["post-21554","post","type-post","status-publish","format-standard","has-post-thumbnail","hentry","category-ecologicas"],"_links":{"self":[{"href":"https:\/\/sertv.gob.pa\/crisolfm\/wp-json\/wp\/v2\/posts\/21554","targetHints":{"allow":["GET"]}}],"collection":[{"href":"https:\/\/sertv.gob.pa\/crisolfm\/wp-json\/wp\/v2\/posts"}],"about":[{"href":"https:\/\/sertv.gob.pa\/crisolfm\/wp-json\/wp\/v2\/types\/post"}],"author":[{"embeddable":true,"href":"https:\/\/sertv.gob.pa\/crisolfm\/wp-json\/wp\/v2\/users\/64"}],"replies":[{"embeddable":true,"href":"https:\/\/sertv.gob.pa\/crisolfm\/wp-json\/wp\/v2\/comments?post=21554"}],"version-history":[{"count":1,"href":"https:\/\/sertv.gob.pa\/crisolfm\/wp-json\/wp\/v2\/posts\/21554\/revisions"}],"predecessor-version":[{"id":21556,"href":"https:\/\/sertv.gob.pa\/crisolfm\/wp-json\/wp\/v2\/posts\/21554\/revisions\/21556"}],"wp:featuredmedia":[{"embeddable":true,"href":"https:\/\/sertv.gob.pa\/crisolfm\/wp-json\/wp\/v2\/media\/21555"}],"wp:attachment":[{"href":"https:\/\/sertv.gob.pa\/crisolfm\/wp-json\/wp\/v2\/media?parent=21554"}],"wp:term":[{"taxonomy":"category","embeddable":true,"href":"https:\/\/sertv.gob.pa\/crisolfm\/wp-json\/wp\/v2\/categories?post=21554"},{"taxonomy":"post_tag","embeddable":true,"href":"https:\/\/sertv.gob.pa\/crisolfm\/wp-json\/wp\/v2\/tags?post=21554"}],"curies":[{"name":"wp","href":"https:\/\/api.w.org\/{rel}","templated":true}]}}