{"id":21576,"date":"2019-08-20T13:54:27","date_gmt":"2019-08-20T13:54:27","guid":{"rendered":"https:\/\/sertv.gob.pa\/crisolfm\/?p=21576"},"modified":"2019-08-20T13:54:27","modified_gmt":"2019-08-20T13:54:27","slug":"museo-afro-antillano-de-panama-abre-sus-puertas-para-celebrar-dia-internacional-del-folklore","status":"publish","type":"post","link":"https:\/\/sertv.gob.pa\/crisolfm\/museo-afro-antillano-de-panama-abre-sus-puertas-para-celebrar-dia-internacional-del-folklore\/","title":{"rendered":"Museo Afro Antillano de Panam\u00e1 abre sus puertas para celebrar D\u00eda Internacional del Folklore"},"content":{"rendered":"<p>El Ministerio de Cultura anunci\u00f3 una jornada de puertas abiertas en el Museo Afroantillano de Panam\u00e1, el pr\u00f3ximo\u00a022 de agosto, fecha en que se celebra el D\u00eda Internacional del Folklore.<\/p>\n<p>\u201cLa actividad tiene como objetivo incrementar las visitas al museo, as\u00ed como ofrecer al p\u00fablico asistente\u00a0la experiencia de conocer, a trav\u00e9s de su museograf\u00eda, la historia afroantillana, su folklore y cultura; que tanto ha aportado al desarrollo de la sociedad\u201d, detalla una nota de la entidad.<\/p>\n<p>Las puertas del museo estar\u00e1n abiertas de 9:00 a.m. a 1:00 p.m., gratis y\u00a0contar\u00e1 con visita guiada. Se presentar\u00e1 la Orquesta del Servicio de Protecci\u00f3n Institucional y un taller de May Pole o Palo de Mayo a cargo de la Sociedad de Amigos del Museo Afro Antillano de Panam\u00e1 (SAMAAP). Igualmente se podr\u00e1 apreciar artesan\u00edas afro e informaci\u00f3n de los 18 museos de Panam\u00e1.<\/p>\n<p>&nbsp;<\/p>\n","protected":false},"excerpt":{"rendered":"<p>El Ministerio de Cultura anunci\u00f3 una jornada de puertas abiertas <a href=\"https:\/\/sertv.gob.pa\/crisolfm\/museo-afro-antillano-de-panama-abre-sus-puertas-para-celebrar-dia-internacional-del-folklore\/\"> [&#8230;]<\/a><\/p>\n","protected":false},"author":64,"featured_media":21577,"comment_status":"closed","ping_status":"closed","sticky":false,"template":"","format":"standard","meta":{"footnotes":""},"categories":[6],"tags":[],"class_list":["post-21576","post","type-post","status-publish","format-standard","has-post-thumbnail","hentry","category-culturales"],"_links":{"self":[{"href":"https:\/\/sertv.gob.pa\/crisolfm\/wp-json\/wp\/v2\/posts\/21576","targetHints":{"allow":["GET"]}}],"collection":[{"href":"https:\/\/sertv.gob.pa\/crisolfm\/wp-json\/wp\/v2\/posts"}],"about":[{"href":"https:\/\/sertv.gob.pa\/crisolfm\/wp-json\/wp\/v2\/types\/post"}],"author":[{"embeddable":true,"href":"https:\/\/sertv.gob.pa\/crisolfm\/wp-json\/wp\/v2\/users\/64"}],"replies":[{"embeddable":true,"href":"https:\/\/sertv.gob.pa\/crisolfm\/wp-json\/wp\/v2\/comments?post=21576"}],"version-history":[{"count":1,"href":"https:\/\/sertv.gob.pa\/crisolfm\/wp-json\/wp\/v2\/posts\/21576\/revisions"}],"predecessor-version":[{"id":21578,"href":"https:\/\/sertv.gob.pa\/crisolfm\/wp-json\/wp\/v2\/posts\/21576\/revisions\/21578"}],"wp:featuredmedia":[{"embeddable":true,"href":"https:\/\/sertv.gob.pa\/crisolfm\/wp-json\/wp\/v2\/media\/21577"}],"wp:attachment":[{"href":"https:\/\/sertv.gob.pa\/crisolfm\/wp-json\/wp\/v2\/media?parent=21576"}],"wp:term":[{"taxonomy":"category","embeddable":true,"href":"https:\/\/sertv.gob.pa\/crisolfm\/wp-json\/wp\/v2\/categories?post=21576"},{"taxonomy":"post_tag","embeddable":true,"href":"https:\/\/sertv.gob.pa\/crisolfm\/wp-json\/wp\/v2\/tags?post=21576"}],"curies":[{"name":"wp","href":"https:\/\/api.w.org\/{rel}","templated":true}]}}