{"id":21585,"date":"2019-08-20T14:25:40","date_gmt":"2019-08-20T14:25:40","guid":{"rendered":"https:\/\/sertv.gob.pa\/crisolfm\/?p=21585"},"modified":"2019-08-20T14:25:40","modified_gmt":"2019-08-20T14:25:40","slug":"el-comercio-de-jirafas-elefantes-y-reptiles-a-debate-en-la-18a-cumbre-cites","status":"publish","type":"post","link":"https:\/\/sertv.gob.pa\/crisolfm\/el-comercio-de-jirafas-elefantes-y-reptiles-a-debate-en-la-18a-cumbre-cites\/","title":{"rendered":"El comercio de jirafas, elefantes y reptiles a debate en la 18\u00aa cumbre CITES"},"content":{"rendered":"<p>La Convenci\u00f3n sobre el Comercio Internacional de Especies Amenazadas de Fauna y Flora Silvestre (CITES) abri\u00f3 en Ginebra su 18\u00aa cumbre, en la que se debate modificar los niveles de protecci\u00f3n de especies como la jirafa, el elefante, el rinoceronte o numerosos reptiles.<\/p>\n<p>La tambi\u00e9n conocida como Conferencia Mundial sobre Vida Silvestre, que suele celebrarse cada tres a\u00f1os, re\u00fane hasta el 28 de agosto a 3.000 expertos de las 183 partes firmantes del CITES (182 Estados y la Uni\u00f3n Europea) para debatir 56 propuestas de cambios en los niveles de protecci\u00f3n.<\/p>\n<p>La gran cita para la conservaci\u00f3n de la fauna y flora mundial deber\u00eda haberse celebrado el pasado mes de mayo en Colombo (Sri Lanka), pero los ataques terroristas perpetrados el 21 de abril en esa isla, por cuyas v\u00edctimas se guard\u00f3 un minuto de silencio, obligaron a posponer la conferencia y cambiarla de escenario. Gran parte de los debates se centrar\u00e1n en el elefante africano, ya que mientras varios pa\u00edses de \u00c1frica central buscan que se aumente la protecci\u00f3n al comercio de este animal, otros m\u00e1s al sur en el continente piden una relajaci\u00f3n de las restricciones.<\/p>\n<p>EFE<\/p>\n","protected":false},"excerpt":{"rendered":"<p>La Convenci\u00f3n sobre el Comercio Internacional de Especies Amenazadas de <a href=\"https:\/\/sertv.gob.pa\/crisolfm\/el-comercio-de-jirafas-elefantes-y-reptiles-a-debate-en-la-18a-cumbre-cites\/\"> [&#8230;]<\/a><\/p>\n","protected":false},"author":64,"featured_media":21587,"comment_status":"closed","ping_status":"closed","sticky":false,"template":"","format":"standard","meta":{"footnotes":""},"categories":[7],"tags":[],"class_list":["post-21585","post","type-post","status-publish","format-standard","has-post-thumbnail","hentry","category-ecologicas"],"_links":{"self":[{"href":"https:\/\/sertv.gob.pa\/crisolfm\/wp-json\/wp\/v2\/posts\/21585","targetHints":{"allow":["GET"]}}],"collection":[{"href":"https:\/\/sertv.gob.pa\/crisolfm\/wp-json\/wp\/v2\/posts"}],"about":[{"href":"https:\/\/sertv.gob.pa\/crisolfm\/wp-json\/wp\/v2\/types\/post"}],"author":[{"embeddable":true,"href":"https:\/\/sertv.gob.pa\/crisolfm\/wp-json\/wp\/v2\/users\/64"}],"replies":[{"embeddable":true,"href":"https:\/\/sertv.gob.pa\/crisolfm\/wp-json\/wp\/v2\/comments?post=21585"}],"version-history":[{"count":1,"href":"https:\/\/sertv.gob.pa\/crisolfm\/wp-json\/wp\/v2\/posts\/21585\/revisions"}],"predecessor-version":[{"id":21588,"href":"https:\/\/sertv.gob.pa\/crisolfm\/wp-json\/wp\/v2\/posts\/21585\/revisions\/21588"}],"wp:featuredmedia":[{"embeddable":true,"href":"https:\/\/sertv.gob.pa\/crisolfm\/wp-json\/wp\/v2\/media\/21587"}],"wp:attachment":[{"href":"https:\/\/sertv.gob.pa\/crisolfm\/wp-json\/wp\/v2\/media?parent=21585"}],"wp:term":[{"taxonomy":"category","embeddable":true,"href":"https:\/\/sertv.gob.pa\/crisolfm\/wp-json\/wp\/v2\/categories?post=21585"},{"taxonomy":"post_tag","embeddable":true,"href":"https:\/\/sertv.gob.pa\/crisolfm\/wp-json\/wp\/v2\/tags?post=21585"}],"curies":[{"name":"wp","href":"https:\/\/api.w.org\/{rel}","templated":true}]}}