{"id":21589,"date":"2019-08-20T15:10:20","date_gmt":"2019-08-20T15:10:20","guid":{"rendered":"https:\/\/sertv.gob.pa\/crisolfm\/?p=21589"},"modified":"2019-08-20T15:10:20","modified_gmt":"2019-08-20T15:10:20","slug":"carlos-aguilar-asume-cargo-como-ministro-de-cultura","status":"publish","type":"post","link":"https:\/\/sertv.gob.pa\/crisolfm\/carlos-aguilar-asume-cargo-como-ministro-de-cultura\/","title":{"rendered":"Carlos Aguilar asume cargo como ministro de Cultura"},"content":{"rendered":"<p>En un acto celebrado en el Sal\u00f3n Amarillo de la Presidencia, Carlos Aguilar tom\u00f3 posesi\u00f3n este lunes 19 de agosto como ministro de cultura ante el presidente Laurentino Cortizo y el vicepresidente Jos\u00e9 Gabriel Carrizo. Adem\u00e1s, Gabriel Gonz\u00e1lez Paredes asumi\u00f3 el cargo de viceministro de este reci\u00e9n creado ministerio, el cual entrar\u00e1 a regir en enero de 2020.<\/p>\n<p>El pasado 15 de agosto, en la sede del Parlamento Latinoamericano (Parlatino), el presidente Cortizo firm\u00f3 la ley que elev\u00f3 el Instituto Nacional de Cultura (INAC) a Ministerio de Cultura. La creaci\u00f3n del Ministerio de Cultura es una de las promesas de campa\u00f1a que hizo Cortizo.<\/p>\n<p>La nueva institucionalidad cultural contar\u00e1 con la estructura, los recursos financieros adecuados y los instrumentos legales necesarios para dise\u00f1ar y ejecutar el Plan Nacional de Cultura, inform\u00f3 la Secretar\u00eda de Comunicaci\u00f3n del Estado.<\/p>\n<p>&nbsp;<\/p>\n<p>&nbsp;<\/p>\n","protected":false},"excerpt":{"rendered":"<p>En un acto celebrado en el Sal\u00f3n Amarillo de la <a href=\"https:\/\/sertv.gob.pa\/crisolfm\/carlos-aguilar-asume-cargo-como-ministro-de-cultura\/\"> [&#8230;]<\/a><\/p>\n","protected":false},"author":64,"featured_media":21590,"comment_status":"closed","ping_status":"closed","sticky":false,"template":"","format":"standard","meta":{"footnotes":""},"categories":[6],"tags":[],"class_list":["post-21589","post","type-post","status-publish","format-standard","has-post-thumbnail","hentry","category-culturales"],"_links":{"self":[{"href":"https:\/\/sertv.gob.pa\/crisolfm\/wp-json\/wp\/v2\/posts\/21589","targetHints":{"allow":["GET"]}}],"collection":[{"href":"https:\/\/sertv.gob.pa\/crisolfm\/wp-json\/wp\/v2\/posts"}],"about":[{"href":"https:\/\/sertv.gob.pa\/crisolfm\/wp-json\/wp\/v2\/types\/post"}],"author":[{"embeddable":true,"href":"https:\/\/sertv.gob.pa\/crisolfm\/wp-json\/wp\/v2\/users\/64"}],"replies":[{"embeddable":true,"href":"https:\/\/sertv.gob.pa\/crisolfm\/wp-json\/wp\/v2\/comments?post=21589"}],"version-history":[{"count":1,"href":"https:\/\/sertv.gob.pa\/crisolfm\/wp-json\/wp\/v2\/posts\/21589\/revisions"}],"predecessor-version":[{"id":21591,"href":"https:\/\/sertv.gob.pa\/crisolfm\/wp-json\/wp\/v2\/posts\/21589\/revisions\/21591"}],"wp:featuredmedia":[{"embeddable":true,"href":"https:\/\/sertv.gob.pa\/crisolfm\/wp-json\/wp\/v2\/media\/21590"}],"wp:attachment":[{"href":"https:\/\/sertv.gob.pa\/crisolfm\/wp-json\/wp\/v2\/media?parent=21589"}],"wp:term":[{"taxonomy":"category","embeddable":true,"href":"https:\/\/sertv.gob.pa\/crisolfm\/wp-json\/wp\/v2\/categories?post=21589"},{"taxonomy":"post_tag","embeddable":true,"href":"https:\/\/sertv.gob.pa\/crisolfm\/wp-json\/wp\/v2\/tags?post=21589"}],"curies":[{"name":"wp","href":"https:\/\/api.w.org\/{rel}","templated":true}]}}