{"id":21592,"date":"2019-08-20T15:17:41","date_gmt":"2019-08-20T15:17:41","guid":{"rendered":"https:\/\/sertv.gob.pa\/crisolfm\/?p=21592"},"modified":"2019-08-20T15:17:41","modified_gmt":"2019-08-20T15:17:41","slug":"feria-internacional-del-libro-sobrepaso-las-expectativas-de-2019","status":"publish","type":"post","link":"https:\/\/sertv.gob.pa\/crisolfm\/feria-internacional-del-libro-sobrepaso-las-expectativas-de-2019\/","title":{"rendered":"Feria Internacional del Libro sobrepas\u00f3 las expectativas de 2019"},"content":{"rendered":"<p>La Feria Internacional del Libro de Panam\u00e1 culmin\u00f3 con broche de oro el pasado domingo, superando las expectativas que ten\u00eda la C\u00e1mara Paname\u00f1a del Libro.<\/p>\n<p>Seg\u00fan Orit Btesh, presidenta de C\u00e1mara Paname\u00f1a del Libro, cerca de 106 mil personas acudieron a la actividad ferial, que convoc\u00f3 a 71 escritores nacionales, los cuales presentaron sus obras y convivieron con sus lectores.<\/p>\n<p>Para Btesh, el compromiso del p\u00fablico marc\u00f3 la diferencia en esta versi\u00f3n de la feria del libro, ya que la emoci\u00f3n de los asistentes fue percibida por los invitados internacionales, que apreciaron el emergente desarrollo cultural de Panam\u00e1. Btesh recalc\u00f3 que la Feria Internacional del Libro de Panam\u00e1 es la cuarta m\u00e1s importante de Am\u00e9rica, lo que a nivel de la C\u00e1mara de Comercio representa un compromiso con el p\u00fablico paname\u00f1o y extranjero.<\/p>\n<p>&nbsp;<\/p>\n","protected":false},"excerpt":{"rendered":"<p>La Feria Internacional del Libro de Panam\u00e1 culmin\u00f3 con broche <a href=\"https:\/\/sertv.gob.pa\/crisolfm\/feria-internacional-del-libro-sobrepaso-las-expectativas-de-2019\/\"> [&#8230;]<\/a><\/p>\n","protected":false},"author":64,"featured_media":21593,"comment_status":"closed","ping_status":"closed","sticky":false,"template":"","format":"standard","meta":{"footnotes":""},"categories":[6],"tags":[],"class_list":["post-21592","post","type-post","status-publish","format-standard","has-post-thumbnail","hentry","category-culturales"],"_links":{"self":[{"href":"https:\/\/sertv.gob.pa\/crisolfm\/wp-json\/wp\/v2\/posts\/21592","targetHints":{"allow":["GET"]}}],"collection":[{"href":"https:\/\/sertv.gob.pa\/crisolfm\/wp-json\/wp\/v2\/posts"}],"about":[{"href":"https:\/\/sertv.gob.pa\/crisolfm\/wp-json\/wp\/v2\/types\/post"}],"author":[{"embeddable":true,"href":"https:\/\/sertv.gob.pa\/crisolfm\/wp-json\/wp\/v2\/users\/64"}],"replies":[{"embeddable":true,"href":"https:\/\/sertv.gob.pa\/crisolfm\/wp-json\/wp\/v2\/comments?post=21592"}],"version-history":[{"count":1,"href":"https:\/\/sertv.gob.pa\/crisolfm\/wp-json\/wp\/v2\/posts\/21592\/revisions"}],"predecessor-version":[{"id":21594,"href":"https:\/\/sertv.gob.pa\/crisolfm\/wp-json\/wp\/v2\/posts\/21592\/revisions\/21594"}],"wp:featuredmedia":[{"embeddable":true,"href":"https:\/\/sertv.gob.pa\/crisolfm\/wp-json\/wp\/v2\/media\/21593"}],"wp:attachment":[{"href":"https:\/\/sertv.gob.pa\/crisolfm\/wp-json\/wp\/v2\/media?parent=21592"}],"wp:term":[{"taxonomy":"category","embeddable":true,"href":"https:\/\/sertv.gob.pa\/crisolfm\/wp-json\/wp\/v2\/categories?post=21592"},{"taxonomy":"post_tag","embeddable":true,"href":"https:\/\/sertv.gob.pa\/crisolfm\/wp-json\/wp\/v2\/tags?post=21592"}],"curies":[{"name":"wp","href":"https:\/\/api.w.org\/{rel}","templated":true}]}}