{"id":21598,"date":"2019-08-20T15:31:20","date_gmt":"2019-08-20T15:31:20","guid":{"rendered":"https:\/\/sertv.gob.pa\/crisolfm\/?p=21598"},"modified":"2019-08-20T15:31:20","modified_gmt":"2019-08-20T15:31:20","slug":"granjas-compartidas-una-nueva-moda-en-holanda-para-combatir-el-cambio-climatico","status":"publish","type":"post","link":"https:\/\/sertv.gob.pa\/crisolfm\/granjas-compartidas-una-nueva-moda-en-holanda-para-combatir-el-cambio-climatico\/","title":{"rendered":"Granjas compartidas, una nueva moda en Holanda para combatir el cambio clim\u00e1tico"},"content":{"rendered":"<p>Ser copropietario de la granja del barrio, elegir lo que se va a producir e ir en bicicleta a hacer las compras cada semana es la idea de un proyecto nacido en Holanda que busca ser una respuesta al desaf\u00edo del cambio clim\u00e1tico.<\/p>\n<p>A 2,6 km de Boxtel, comuna de unos 30.000 habitantes en el sur del pa\u00eds, la imagen podr\u00eda parecer tradicional: campos, invernaderos, aves, cerdos y vacas; y en el medio, una vivienda m\u00f3vil ecol\u00f3gica que sirve de oficina y cocina para el campesino. Salvo que la granja no le pertenece a \u00e9l, sino a 200 familias de Boxtel, en el Brabante. Se trata de un \u00abHerenboerderij\u00bb (\u00abgranja se\u00f1orial\u00bb), modelo de granja colectiva \u00fanica en Holanda, creada por el emprendedor Geert van der Veer, de 42 a\u00f1os y graduado de la Escuela Superior de Agricultura de Bois-le-Duc.<\/p>\n<p>\u00abAlgo debe cambiar de manera fundamental en nuestro sistema de producci\u00f3n y en nuestra forma de alimentarnos si queremos conservar los pies secos\u00bb, explica a la AFP.<\/p>\n<p>Un cuarto de su pa\u00eds est\u00e1 ubicado bajo el nivel del mar, lo que lo vuelve particularmente vulnerable al calentamiento global y a la esperada alza del nivel de los oc\u00e9anos. Con el objetivo de reducir la emisi\u00f3n de carbono de la producci\u00f3n agr\u00edcola, nada como consumir de manera local y reducir el derroche alimentario, recurriendo a un granjero que planta lo que se necesita y cr\u00eda los animales elegidos para la carne.<\/p>\n<p>AFP<\/p>\n","protected":false},"excerpt":{"rendered":"<p>Ser copropietario de la granja del barrio, elegir lo que <a href=\"https:\/\/sertv.gob.pa\/crisolfm\/granjas-compartidas-una-nueva-moda-en-holanda-para-combatir-el-cambio-climatico\/\"> [&#8230;]<\/a><\/p>\n","protected":false},"author":64,"featured_media":21599,"comment_status":"closed","ping_status":"closed","sticky":false,"template":"","format":"standard","meta":{"footnotes":""},"categories":[7],"tags":[],"class_list":["post-21598","post","type-post","status-publish","format-standard","has-post-thumbnail","hentry","category-ecologicas"],"_links":{"self":[{"href":"https:\/\/sertv.gob.pa\/crisolfm\/wp-json\/wp\/v2\/posts\/21598","targetHints":{"allow":["GET"]}}],"collection":[{"href":"https:\/\/sertv.gob.pa\/crisolfm\/wp-json\/wp\/v2\/posts"}],"about":[{"href":"https:\/\/sertv.gob.pa\/crisolfm\/wp-json\/wp\/v2\/types\/post"}],"author":[{"embeddable":true,"href":"https:\/\/sertv.gob.pa\/crisolfm\/wp-json\/wp\/v2\/users\/64"}],"replies":[{"embeddable":true,"href":"https:\/\/sertv.gob.pa\/crisolfm\/wp-json\/wp\/v2\/comments?post=21598"}],"version-history":[{"count":1,"href":"https:\/\/sertv.gob.pa\/crisolfm\/wp-json\/wp\/v2\/posts\/21598\/revisions"}],"predecessor-version":[{"id":21600,"href":"https:\/\/sertv.gob.pa\/crisolfm\/wp-json\/wp\/v2\/posts\/21598\/revisions\/21600"}],"wp:featuredmedia":[{"embeddable":true,"href":"https:\/\/sertv.gob.pa\/crisolfm\/wp-json\/wp\/v2\/media\/21599"}],"wp:attachment":[{"href":"https:\/\/sertv.gob.pa\/crisolfm\/wp-json\/wp\/v2\/media?parent=21598"}],"wp:term":[{"taxonomy":"category","embeddable":true,"href":"https:\/\/sertv.gob.pa\/crisolfm\/wp-json\/wp\/v2\/categories?post=21598"},{"taxonomy":"post_tag","embeddable":true,"href":"https:\/\/sertv.gob.pa\/crisolfm\/wp-json\/wp\/v2\/tags?post=21598"}],"curies":[{"name":"wp","href":"https:\/\/api.w.org\/{rel}","templated":true}]}}