{"id":21601,"date":"2019-08-20T15:54:55","date_gmt":"2019-08-20T15:54:55","guid":{"rendered":"https:\/\/sertv.gob.pa\/crisolfm\/?p=21601"},"modified":"2019-08-20T15:54:55","modified_gmt":"2019-08-20T15:54:55","slug":"hoy-20-de-agosto-solo-quedan-500-dias-para-frenar-la-perdida-de-biodiversidad","status":"publish","type":"post","link":"https:\/\/sertv.gob.pa\/crisolfm\/hoy-20-de-agosto-solo-quedan-500-dias-para-frenar-la-perdida-de-biodiversidad\/","title":{"rendered":"Hoy, 20 de agosto, solo quedan 500 d\u00edas para frenar la p\u00e9rdida de biodiversidad"},"content":{"rendered":"<p>El Gobierno espa\u00f1ol se comprometi\u00f3 en 2010, como parte del <strong>Convenio sobre la Diversidad Biol\u00f3gica de Naciones,<\/strong> a \u201cdetener la p\u00e9rdida de biodiversidad y la degradaci\u00f3n de los servicios ecosist\u00e9micos, y restaurarlos en la medida de lo posible para 2020\u201d. Poco despu\u00e9s, todos los Jefes de Estado o de gobierno de todos los pa\u00edses de la UE aprobaron tambi\u00e9n el objetivo de \u201cdetener en 2020 la p\u00e9rdida de la biodiversidad y la degradaci\u00f3n de los servicios ecosist\u00e9micos de la UE, y restaurarlos en la medida de lo posible, incrementando al mismo tiempo la contribuci\u00f3n de la UE a la lucha contra la p\u00e9rdida de biodiversidad mundial\u201d.<\/p>\n<p>Ecologistas en Acci\u00f3n, que ha hecho un seguimiento de estos acuerdos, ha comprobado que tras los nueve a\u00f1os transcurridos, <strong>Espa\u00f1a incumplir\u00e1 este importante compromiso.<\/strong> Ninguno de los gobiernos existentes en Espa\u00f1a en este periodo ha tomado las medidas necesarias para intentar realmente cumplirlos. Seg\u00fan Theo Oberhuber, portavoz de Ecologistas en Acci\u00f3n, \u201cen una demostraci\u00f3n de irresponsabilidad, los diferentes gobiernos han abandonado a su suerte a la biodiversidad, han fomentado un modelo de desarrollo depredador que ha logrado incrementar el ritmo de extinci\u00f3n de especies, y han aumentado la degradaci\u00f3n de los procesos ecosist\u00e9micos\u201d.<\/p>\n<p>Aunque en los 500 d\u00edas que quedan resulta ya imposible que el Estado espa\u00f1ol aplique todas las medidas necesarias para detener la p\u00e9rdida de biodiversidad, Ecologistas en Acci\u00f3n ha recordado al Gobierno en funciones que no frenar la extinci\u00f3n de especies tiene graves consecuencias para el bienestar humano.<\/p>\n<p>ECOticias<\/p>\n","protected":false},"excerpt":{"rendered":"<p>El Gobierno espa\u00f1ol se comprometi\u00f3 en 2010, como parte del <a href=\"https:\/\/sertv.gob.pa\/crisolfm\/hoy-20-de-agosto-solo-quedan-500-dias-para-frenar-la-perdida-de-biodiversidad\/\"> [&#8230;]<\/a><\/p>\n","protected":false},"author":64,"featured_media":21602,"comment_status":"closed","ping_status":"closed","sticky":false,"template":"","format":"standard","meta":{"footnotes":""},"categories":[7],"tags":[],"class_list":["post-21601","post","type-post","status-publish","format-standard","has-post-thumbnail","hentry","category-ecologicas"],"_links":{"self":[{"href":"https:\/\/sertv.gob.pa\/crisolfm\/wp-json\/wp\/v2\/posts\/21601","targetHints":{"allow":["GET"]}}],"collection":[{"href":"https:\/\/sertv.gob.pa\/crisolfm\/wp-json\/wp\/v2\/posts"}],"about":[{"href":"https:\/\/sertv.gob.pa\/crisolfm\/wp-json\/wp\/v2\/types\/post"}],"author":[{"embeddable":true,"href":"https:\/\/sertv.gob.pa\/crisolfm\/wp-json\/wp\/v2\/users\/64"}],"replies":[{"embeddable":true,"href":"https:\/\/sertv.gob.pa\/crisolfm\/wp-json\/wp\/v2\/comments?post=21601"}],"version-history":[{"count":1,"href":"https:\/\/sertv.gob.pa\/crisolfm\/wp-json\/wp\/v2\/posts\/21601\/revisions"}],"predecessor-version":[{"id":21603,"href":"https:\/\/sertv.gob.pa\/crisolfm\/wp-json\/wp\/v2\/posts\/21601\/revisions\/21603"}],"wp:featuredmedia":[{"embeddable":true,"href":"https:\/\/sertv.gob.pa\/crisolfm\/wp-json\/wp\/v2\/media\/21602"}],"wp:attachment":[{"href":"https:\/\/sertv.gob.pa\/crisolfm\/wp-json\/wp\/v2\/media?parent=21601"}],"wp:term":[{"taxonomy":"category","embeddable":true,"href":"https:\/\/sertv.gob.pa\/crisolfm\/wp-json\/wp\/v2\/categories?post=21601"},{"taxonomy":"post_tag","embeddable":true,"href":"https:\/\/sertv.gob.pa\/crisolfm\/wp-json\/wp\/v2\/tags?post=21601"}],"curies":[{"name":"wp","href":"https:\/\/api.w.org\/{rel}","templated":true}]}}