{"id":21607,"date":"2019-08-21T13:26:24","date_gmt":"2019-08-21T13:26:24","guid":{"rendered":"https:\/\/sertv.gob.pa\/crisolfm\/?p=21607"},"modified":"2019-08-21T13:26:24","modified_gmt":"2019-08-21T13:26:24","slug":"tesla-es-demandado-por-walmart-por-incendios-ligados-a-paneles-solares","status":"publish","type":"post","link":"https:\/\/sertv.gob.pa\/crisolfm\/tesla-es-demandado-por-walmart-por-incendios-ligados-a-paneles-solares\/","title":{"rendered":"Tesla es demandado por Walmart por incendios ligados a paneles solares"},"content":{"rendered":"<p>Walmart Inc. demand\u00f3 a la unidad de energ\u00eda de Tesla Inc., anteriormente conocida como SolarCity, por incumplimiento de contrato. Alega que no cumpli\u00f3 con los est\u00e1ndares de la industria en la instalaci\u00f3n de paneles solares en cientos de tiendas, lo que provoc\u00f3 m\u00faltiples incendios en todo el pa\u00eds.<\/p>\n<p>El minorista dijo que hab\u00eda alquilado o licenciado espacio en el techo de m\u00e1s de 240 tiendas a Tesla para la instalaci\u00f3n y operaci\u00f3n de sistemas solares. Sin embargo, a partir de noviembre de 2018, estallaron incendios al menos en siete de las tiendas, lo que forz\u00f3 la desconexi\u00f3n de todos los sistemas de paneles solares para la seguridad del p\u00fablico.<\/p>\n<p>En una denuncia presentada en la corte del estado de Nueva York el martes, Walmart dijo que sus inspectores hallaron que Tesla \u00abhab\u00eda cometido una negligencia generalizada y sistem\u00e1tica y no hab\u00eda cumplido con las pr\u00e1cticas prudentes de la industria en la instalaci\u00f3n, operaci\u00f3n y mantenimiento de sus sistemas solares\u00bb.<\/p>\n<p>Tesla no abord\u00f3 de inmediato la queja del minorista.<\/p>\n<p>&nbsp;<\/p>\n<p>AFP<\/p>\n<p>&nbsp;<\/p>\n<p>&nbsp;<\/p>\n<p>&nbsp;<\/p>\n<p>&nbsp;<\/p>\n<p>&nbsp;<\/p>\n","protected":false},"excerpt":{"rendered":"<p>Walmart Inc. demand\u00f3 a la unidad de energ\u00eda de Tesla <a href=\"https:\/\/sertv.gob.pa\/crisolfm\/tesla-es-demandado-por-walmart-por-incendios-ligados-a-paneles-solares\/\"> [&#8230;]<\/a><\/p>\n","protected":false},"author":64,"featured_media":21609,"comment_status":"closed","ping_status":"closed","sticky":false,"template":"","format":"standard","meta":{"footnotes":""},"categories":[7],"tags":[],"class_list":["post-21607","post","type-post","status-publish","format-standard","has-post-thumbnail","hentry","category-ecologicas"],"_links":{"self":[{"href":"https:\/\/sertv.gob.pa\/crisolfm\/wp-json\/wp\/v2\/posts\/21607","targetHints":{"allow":["GET"]}}],"collection":[{"href":"https:\/\/sertv.gob.pa\/crisolfm\/wp-json\/wp\/v2\/posts"}],"about":[{"href":"https:\/\/sertv.gob.pa\/crisolfm\/wp-json\/wp\/v2\/types\/post"}],"author":[{"embeddable":true,"href":"https:\/\/sertv.gob.pa\/crisolfm\/wp-json\/wp\/v2\/users\/64"}],"replies":[{"embeddable":true,"href":"https:\/\/sertv.gob.pa\/crisolfm\/wp-json\/wp\/v2\/comments?post=21607"}],"version-history":[{"count":1,"href":"https:\/\/sertv.gob.pa\/crisolfm\/wp-json\/wp\/v2\/posts\/21607\/revisions"}],"predecessor-version":[{"id":21610,"href":"https:\/\/sertv.gob.pa\/crisolfm\/wp-json\/wp\/v2\/posts\/21607\/revisions\/21610"}],"wp:featuredmedia":[{"embeddable":true,"href":"https:\/\/sertv.gob.pa\/crisolfm\/wp-json\/wp\/v2\/media\/21609"}],"wp:attachment":[{"href":"https:\/\/sertv.gob.pa\/crisolfm\/wp-json\/wp\/v2\/media?parent=21607"}],"wp:term":[{"taxonomy":"category","embeddable":true,"href":"https:\/\/sertv.gob.pa\/crisolfm\/wp-json\/wp\/v2\/categories?post=21607"},{"taxonomy":"post_tag","embeddable":true,"href":"https:\/\/sertv.gob.pa\/crisolfm\/wp-json\/wp\/v2\/tags?post=21607"}],"curies":[{"name":"wp","href":"https:\/\/api.w.org\/{rel}","templated":true}]}}