{"id":21611,"date":"2019-08-21T13:30:21","date_gmt":"2019-08-21T13:30:21","guid":{"rendered":"https:\/\/sertv.gob.pa\/crisolfm\/?p=21611"},"modified":"2019-08-21T13:30:21","modified_gmt":"2019-08-21T13:30:21","slug":"fuego-en-el-amazonas-mas-de-38-mil-incendios-forestales-en-lo-que-va-del-ano","status":"publish","type":"post","link":"https:\/\/sertv.gob.pa\/crisolfm\/fuego-en-el-amazonas-mas-de-38-mil-incendios-forestales-en-lo-que-va-del-ano\/","title":{"rendered":"Fuego en el Amazonas: m\u00e1s de 38 mil incendios forestales en lo que va del a\u00f1o"},"content":{"rendered":"<p>Brasil registr\u00f3 entre enero y las tres primeras semanas de agosto 71.497 focos de incendio, el mayor n\u00famero para el per\u00edodo en los \u00faltimos siete a\u00f1os, y poco m\u00e1s de la mitad de los cuales se reportaron en la Amazon\u00eda, la mayor selva tropical del mundo, seg\u00fan datos oficiales divulgados este martes.<\/p>\n<p>El n\u00famero de focos de fuego en lo que va de este a\u00f1o es en un 83 % superior al del mismo per\u00edodo de 2018, seg\u00fan los datos divulgados por el estatal Instituto Nacional de Pesquisas Espaciales (INPE), que contabiliza los incendios con la ayuda de im\u00e1genes de sat\u00e9lite.<\/p>\n<p>Seg\u00fan los c\u00e1lculos del organismo, de los focos de incendio registrados hasta el 18 de agosto, 38.228, es decir el 52,5 %, fueron detectados en estados de la Amazon\u00eda. El 30,1 % de los focos (21.942) se registr\u00f3 en el Cerrado, como es conocida la sabana brasile\u00f1a y que cerca la Amazon\u00eda, y el 10,9 % (7.943) en el Bosque Atl\u00e1ntico, la regi\u00f3n boscosa que bordea la mayor parte del litoral del pa\u00eds. El estado m\u00e1s afectado, con 13.641 focos, es el de Mato Grosso, que se extiende por gran parte de la Amazon\u00eda.<\/p>\n<p>EFE<\/p>\n","protected":false},"excerpt":{"rendered":"<p>Brasil registr\u00f3 entre enero y las tres primeras semanas de <a href=\"https:\/\/sertv.gob.pa\/crisolfm\/fuego-en-el-amazonas-mas-de-38-mil-incendios-forestales-en-lo-que-va-del-ano\/\"> [&#8230;]<\/a><\/p>\n","protected":false},"author":64,"featured_media":21612,"comment_status":"closed","ping_status":"closed","sticky":false,"template":"","format":"standard","meta":{"footnotes":""},"categories":[7],"tags":[],"class_list":["post-21611","post","type-post","status-publish","format-standard","has-post-thumbnail","hentry","category-ecologicas"],"_links":{"self":[{"href":"https:\/\/sertv.gob.pa\/crisolfm\/wp-json\/wp\/v2\/posts\/21611","targetHints":{"allow":["GET"]}}],"collection":[{"href":"https:\/\/sertv.gob.pa\/crisolfm\/wp-json\/wp\/v2\/posts"}],"about":[{"href":"https:\/\/sertv.gob.pa\/crisolfm\/wp-json\/wp\/v2\/types\/post"}],"author":[{"embeddable":true,"href":"https:\/\/sertv.gob.pa\/crisolfm\/wp-json\/wp\/v2\/users\/64"}],"replies":[{"embeddable":true,"href":"https:\/\/sertv.gob.pa\/crisolfm\/wp-json\/wp\/v2\/comments?post=21611"}],"version-history":[{"count":1,"href":"https:\/\/sertv.gob.pa\/crisolfm\/wp-json\/wp\/v2\/posts\/21611\/revisions"}],"predecessor-version":[{"id":21613,"href":"https:\/\/sertv.gob.pa\/crisolfm\/wp-json\/wp\/v2\/posts\/21611\/revisions\/21613"}],"wp:featuredmedia":[{"embeddable":true,"href":"https:\/\/sertv.gob.pa\/crisolfm\/wp-json\/wp\/v2\/media\/21612"}],"wp:attachment":[{"href":"https:\/\/sertv.gob.pa\/crisolfm\/wp-json\/wp\/v2\/media?parent=21611"}],"wp:term":[{"taxonomy":"category","embeddable":true,"href":"https:\/\/sertv.gob.pa\/crisolfm\/wp-json\/wp\/v2\/categories?post=21611"},{"taxonomy":"post_tag","embeddable":true,"href":"https:\/\/sertv.gob.pa\/crisolfm\/wp-json\/wp\/v2\/tags?post=21611"}],"curies":[{"name":"wp","href":"https:\/\/api.w.org\/{rel}","templated":true}]}}