{"id":21633,"date":"2019-08-21T14:33:22","date_gmt":"2019-08-21T14:33:22","guid":{"rendered":"https:\/\/sertv.gob.pa\/crisolfm\/?p=21633"},"modified":"2019-08-21T14:33:22","modified_gmt":"2019-08-21T14:33:22","slug":"piromanos-negligencias-y-crisis-climatica-la-tormenta-perfecta-para-incendios-de-gran-canaria","status":"publish","type":"post","link":"https:\/\/sertv.gob.pa\/crisolfm\/piromanos-negligencias-y-crisis-climatica-la-tormenta-perfecta-para-incendios-de-gran-canaria\/","title":{"rendered":"Pir\u00f3manos, negligencias y crisis clim\u00e1tica, &#8216;la tormenta perfecta&#8217; para incendios de Gran Canaria"},"content":{"rendered":"<p>Greenpeace lamenta<strong> el incendio de Gran Canaria<\/strong>, que ha calcinado ya m\u00e1s de 12.000 hect\u00e1reas en un per\u00edmetro cercano a 80 kil\u00f3metros y que se ha convertido ya en \u00abel peor\u00bb del a\u00f1o, pero adem\u00e1s pide &#8211;una vez se logre extinguir&#8211; se depuren responsabilidades, se act\u00fae urgentemente para combatir la emergencia provocada por el cambio clim\u00e1tico y se implanten de una vez o mejoren los planes de prevenci\u00f3n de incendios.<\/p>\n<p>As\u00ed, destaca que el fuego afecta al rico patrimonio natural de la isla que incluye numerosas especies end\u00e9micas (y amenazadas) y que es vital para el abastecimiento de agua potable de la isla. Adem\u00e1s, recuerda que este es el tercer fuego en pocas semanas en Gran Canaria y que est\u00e1 requiriendo de un <strong>dispositivo de extinci\u00f3n \u00absin precedentes\u00bb.<\/strong><\/p>\n<p>De cara al futuro, exige la depuraci\u00f3n de responsabilidades para determinar el origen del fuego; una necesaria planificaci\u00f3n preventiva y de protecci\u00f3n civil para evitar que estos incendios se repitan y, en tercer lugar una \u00aburgente acci\u00f3n pol\u00edtica\u00bb para minimizar la actual situaci\u00f3n de emergencia clim\u00e1tica.<\/p>\n<p>&nbsp;<\/p>\n<p>ECOticias<\/p>\n","protected":false},"excerpt":{"rendered":"<p>Greenpeace lamenta el incendio de Gran Canaria, que ha calcinado <a href=\"https:\/\/sertv.gob.pa\/crisolfm\/piromanos-negligencias-y-crisis-climatica-la-tormenta-perfecta-para-incendios-de-gran-canaria\/\"> [&#8230;]<\/a><\/p>\n","protected":false},"author":64,"featured_media":21634,"comment_status":"closed","ping_status":"closed","sticky":false,"template":"","format":"standard","meta":{"footnotes":""},"categories":[7],"tags":[],"class_list":["post-21633","post","type-post","status-publish","format-standard","has-post-thumbnail","hentry","category-ecologicas"],"_links":{"self":[{"href":"https:\/\/sertv.gob.pa\/crisolfm\/wp-json\/wp\/v2\/posts\/21633","targetHints":{"allow":["GET"]}}],"collection":[{"href":"https:\/\/sertv.gob.pa\/crisolfm\/wp-json\/wp\/v2\/posts"}],"about":[{"href":"https:\/\/sertv.gob.pa\/crisolfm\/wp-json\/wp\/v2\/types\/post"}],"author":[{"embeddable":true,"href":"https:\/\/sertv.gob.pa\/crisolfm\/wp-json\/wp\/v2\/users\/64"}],"replies":[{"embeddable":true,"href":"https:\/\/sertv.gob.pa\/crisolfm\/wp-json\/wp\/v2\/comments?post=21633"}],"version-history":[{"count":1,"href":"https:\/\/sertv.gob.pa\/crisolfm\/wp-json\/wp\/v2\/posts\/21633\/revisions"}],"predecessor-version":[{"id":21635,"href":"https:\/\/sertv.gob.pa\/crisolfm\/wp-json\/wp\/v2\/posts\/21633\/revisions\/21635"}],"wp:featuredmedia":[{"embeddable":true,"href":"https:\/\/sertv.gob.pa\/crisolfm\/wp-json\/wp\/v2\/media\/21634"}],"wp:attachment":[{"href":"https:\/\/sertv.gob.pa\/crisolfm\/wp-json\/wp\/v2\/media?parent=21633"}],"wp:term":[{"taxonomy":"category","embeddable":true,"href":"https:\/\/sertv.gob.pa\/crisolfm\/wp-json\/wp\/v2\/categories?post=21633"},{"taxonomy":"post_tag","embeddable":true,"href":"https:\/\/sertv.gob.pa\/crisolfm\/wp-json\/wp\/v2\/tags?post=21633"}],"curies":[{"name":"wp","href":"https:\/\/api.w.org\/{rel}","templated":true}]}}