{"id":21636,"date":"2019-08-21T15:12:11","date_gmt":"2019-08-21T15:12:11","guid":{"rendered":"https:\/\/sertv.gob.pa\/crisolfm\/?p=21636"},"modified":"2019-08-21T15:12:11","modified_gmt":"2019-08-21T15:12:11","slug":"mataran-a-34-lobos-en-cantabria","status":"publish","type":"post","link":"https:\/\/sertv.gob.pa\/crisolfm\/mataran-a-34-lobos-en-cantabria\/","title":{"rendered":"Matar\u00e1n a 34 lobos en Cantabria"},"content":{"rendered":"<p>Mi nombre es Otto e, igual que muchas personas y asociaciones conservacionistas en Espa\u00f1a y Cantabria, me siento\u00a0preocupado e indignado por la<strong> decisi\u00f3n que ha tomado el gobierno de esta comunidad<\/strong>\u00a0hace tan solo una semana: ha decidido reactivar el control de la poblaci\u00f3n del lobo. Esto supone que<strong> se va a permitir la caza de un total de nada menos que 34 lobos<\/strong> de aqu\u00ed a un a\u00f1o. El lobo es un\u00a0<strong>tesoro de nuestra fauna<\/strong>, es un magn\u00edfico regulador del ecosistema que, adem\u00e1s, tiene \u00e9l mismo la\u00a0<strong>capacidad de controlar su poblaci\u00f3n<\/strong>\u00a0en funci\u00f3n del alimento que hay y con la competencia intraespecie, con otras manadas de lobos (eso es caracter\u00edstico de los depredadores).<\/p>\n<p>La actuaci\u00f3n del ser humano solo consigue\u00a0<strong>desregular ese equilibrio<\/strong>\u00a0natural, desmembrando las manadas y haciendo que se pierda el conocimiento entre las diferentes generaciones de lobos.<\/p>\n<p>Lobos sanos, libres,<strong>\u00a0sin presi\u00f3n \u00abcineg\u00e9tica\u00bb<\/strong>\u00a0tienden naturalmente a buscar presas salvajes. En cambio, manadas desestructuradas, sin la gu\u00eda de los lobos m\u00e1s experimentados tendr\u00e1n la tentaci\u00f3n de buscar \u00abalimento f\u00e1cil\u00bb, por la falta de experiencia y aprendizaje en la caza de sus presas naturales, por lo que la ganader\u00eda correr\u00e1 m\u00e1s peligro.<\/p>\n<p>En lugar de recurrir a este \u201ccontrol poblacional\u201d bajo el que se da\u00a0<strong>v\u00eda libre a la caza de lobos<\/strong>, convendr\u00eda que la administraci\u00f3n sea m\u00e1s activa en la\u00a0<strong>prevenci\u00f3n<\/strong>\u00a0de los ataques de lobo a la ganader\u00eda, proporcionando al ganadero las herramientas para que esto sea posible, como son los mastines, o la estabulaci\u00f3n del ganado por la noche.\u00a0<strong>La soluci\u00f3n NO es matar animales.\u00a0<\/strong><\/p>\n<p><strong>\u00a0<\/strong><strong>ECOticias<\/strong><\/p>\n","protected":false},"excerpt":{"rendered":"<p>Mi nombre es Otto e, igual que muchas personas y <a href=\"https:\/\/sertv.gob.pa\/crisolfm\/mataran-a-34-lobos-en-cantabria\/\"> [&#8230;]<\/a><\/p>\n","protected":false},"author":64,"featured_media":21637,"comment_status":"closed","ping_status":"closed","sticky":false,"template":"","format":"standard","meta":{"footnotes":""},"categories":[7],"tags":[],"class_list":["post-21636","post","type-post","status-publish","format-standard","has-post-thumbnail","hentry","category-ecologicas"],"_links":{"self":[{"href":"https:\/\/sertv.gob.pa\/crisolfm\/wp-json\/wp\/v2\/posts\/21636","targetHints":{"allow":["GET"]}}],"collection":[{"href":"https:\/\/sertv.gob.pa\/crisolfm\/wp-json\/wp\/v2\/posts"}],"about":[{"href":"https:\/\/sertv.gob.pa\/crisolfm\/wp-json\/wp\/v2\/types\/post"}],"author":[{"embeddable":true,"href":"https:\/\/sertv.gob.pa\/crisolfm\/wp-json\/wp\/v2\/users\/64"}],"replies":[{"embeddable":true,"href":"https:\/\/sertv.gob.pa\/crisolfm\/wp-json\/wp\/v2\/comments?post=21636"}],"version-history":[{"count":1,"href":"https:\/\/sertv.gob.pa\/crisolfm\/wp-json\/wp\/v2\/posts\/21636\/revisions"}],"predecessor-version":[{"id":21638,"href":"https:\/\/sertv.gob.pa\/crisolfm\/wp-json\/wp\/v2\/posts\/21636\/revisions\/21638"}],"wp:featuredmedia":[{"embeddable":true,"href":"https:\/\/sertv.gob.pa\/crisolfm\/wp-json\/wp\/v2\/media\/21637"}],"wp:attachment":[{"href":"https:\/\/sertv.gob.pa\/crisolfm\/wp-json\/wp\/v2\/media?parent=21636"}],"wp:term":[{"taxonomy":"category","embeddable":true,"href":"https:\/\/sertv.gob.pa\/crisolfm\/wp-json\/wp\/v2\/categories?post=21636"},{"taxonomy":"post_tag","embeddable":true,"href":"https:\/\/sertv.gob.pa\/crisolfm\/wp-json\/wp\/v2\/tags?post=21636"}],"curies":[{"name":"wp","href":"https:\/\/api.w.org\/{rel}","templated":true}]}}