{"id":21639,"date":"2019-08-21T15:27:18","date_gmt":"2019-08-21T15:27:18","guid":{"rendered":"https:\/\/sertv.gob.pa\/crisolfm\/?p=21639"},"modified":"2019-08-21T15:27:18","modified_gmt":"2019-08-21T15:27:18","slug":"arturo-montenegro-es-un-honor-ser-preseleccionados-a-los-premios-oscar","status":"publish","type":"post","link":"https:\/\/sertv.gob.pa\/crisolfm\/arturo-montenegro-es-un-honor-ser-preseleccionados-a-los-premios-oscar\/","title":{"rendered":"Arturo Montenegro: &#8216;Es un honor ser preseleccionados a los premios Oscar&#8217;"},"content":{"rendered":"<p><strong>Arturo Montenegro<\/strong>, guionistas y parte del elenco de la cinta <strong>\u00abTodos Cambiamos\u00bb<\/strong>,<strong> viajar\u00e1n a Estados Unidos entre octubre y noviembre<\/strong>, para reunirse con los miembros de la Academia de las Artes y las Ciencias Cinematogr\u00e1ficas de los <strong>Premios Oscar. <\/strong>La raz\u00f3n, muy f\u00e1cil, esta historia <strong>ha sido preseleccionada<\/strong> por los miembros de esta industria para competir en la<strong> categor\u00eda \u00abmejor pel\u00edcula extranjera\u00bb<\/strong>. La pel\u00edcula ha desatado la pol\u00e9mica en Panam\u00e1, pues aborda la tem\u00e1tica de las nuevas familias, la transexualidad y los derechos humanos.<\/p>\n<p>\u00abEstoy orgulloso que esta historia tenga la oportunidad de ser expuesta de manera internacional.<strong> Es un honor ser preseleccionados a los premios Oscar.<\/strong> Hace un tiempo enviamos la solicitud y hoy vemos los frutos. Estar en este punto es sumamente importante. Fuimos criticados por esta historia; sin embargo, en el extranjero vemos que se valora mucho y eso es lo importante\u00bb, detall\u00f3.<\/p>\n<p>El conocido director <strong>manifest\u00f3 que este es un paso importante para el cine paname\u00f1o,<\/strong> pues empiezan a ser reconocidos de forma internacional con historias que llaman la atenci\u00f3n y se centran en la realidad que viven muchas personas.<\/p>\n<p>El a\u00f1o pasado<strong> la pel\u00edcula \u00abRoma\u00bb, fue preseleccionada en esta categor\u00eda, al final ser\u00eda la ganadora<\/strong> en la categor\u00eda de \u00abMejor pel\u00edcula en Lengua Extranjera\u00bb.<\/p>\n<p>&nbsp;<\/p>\n","protected":false},"excerpt":{"rendered":"<p>Arturo Montenegro, guionistas y parte del elenco de la cinta <a href=\"https:\/\/sertv.gob.pa\/crisolfm\/arturo-montenegro-es-un-honor-ser-preseleccionados-a-los-premios-oscar\/\"> [&#8230;]<\/a><\/p>\n","protected":false},"author":64,"featured_media":21640,"comment_status":"closed","ping_status":"closed","sticky":false,"template":"","format":"standard","meta":{"footnotes":""},"categories":[6],"tags":[],"class_list":["post-21639","post","type-post","status-publish","format-standard","has-post-thumbnail","hentry","category-culturales"],"_links":{"self":[{"href":"https:\/\/sertv.gob.pa\/crisolfm\/wp-json\/wp\/v2\/posts\/21639","targetHints":{"allow":["GET"]}}],"collection":[{"href":"https:\/\/sertv.gob.pa\/crisolfm\/wp-json\/wp\/v2\/posts"}],"about":[{"href":"https:\/\/sertv.gob.pa\/crisolfm\/wp-json\/wp\/v2\/types\/post"}],"author":[{"embeddable":true,"href":"https:\/\/sertv.gob.pa\/crisolfm\/wp-json\/wp\/v2\/users\/64"}],"replies":[{"embeddable":true,"href":"https:\/\/sertv.gob.pa\/crisolfm\/wp-json\/wp\/v2\/comments?post=21639"}],"version-history":[{"count":1,"href":"https:\/\/sertv.gob.pa\/crisolfm\/wp-json\/wp\/v2\/posts\/21639\/revisions"}],"predecessor-version":[{"id":21641,"href":"https:\/\/sertv.gob.pa\/crisolfm\/wp-json\/wp\/v2\/posts\/21639\/revisions\/21641"}],"wp:featuredmedia":[{"embeddable":true,"href":"https:\/\/sertv.gob.pa\/crisolfm\/wp-json\/wp\/v2\/media\/21640"}],"wp:attachment":[{"href":"https:\/\/sertv.gob.pa\/crisolfm\/wp-json\/wp\/v2\/media?parent=21639"}],"wp:term":[{"taxonomy":"category","embeddable":true,"href":"https:\/\/sertv.gob.pa\/crisolfm\/wp-json\/wp\/v2\/categories?post=21639"},{"taxonomy":"post_tag","embeddable":true,"href":"https:\/\/sertv.gob.pa\/crisolfm\/wp-json\/wp\/v2\/tags?post=21639"}],"curies":[{"name":"wp","href":"https:\/\/api.w.org\/{rel}","templated":true}]}}