{"id":21642,"date":"2019-08-21T16:29:21","date_gmt":"2019-08-21T16:29:21","guid":{"rendered":"https:\/\/sertv.gob.pa\/crisolfm\/?p=21642"},"modified":"2019-08-21T16:29:21","modified_gmt":"2019-08-21T16:29:21","slug":"placido-domingo-reaparece-en-salzburgo-despues-de-la-tormenta-de-las-acusaciones-de-acoso-sexual","status":"publish","type":"post","link":"https:\/\/sertv.gob.pa\/crisolfm\/placido-domingo-reaparece-en-salzburgo-despues-de-la-tormenta-de-las-acusaciones-de-acoso-sexual\/","title":{"rendered":"Pl\u00e1cido Domingo reaparece en Salzburgo despu\u00e9s de la tormenta de las acusaciones de acoso sexual"},"content":{"rendered":"<p>Apenas una semana despu\u00e9s de que estallara la tormenta desatada por las acusaciones de acoso sexual (ante una agencia de noticias) por parte de nueve mujeres, ocho de ellas de forma an\u00f3nima, <strong>Pl\u00e1cido Domingo <\/strong>ha vuelto a su actividad profesional.<\/p>\n<p>El tenor madrile\u00f1o (ahora bar\u00edtono) se encuentra ya en Salzburgo y ha comenzado los ensayos de \u00ab<strong>Luisa Miller<\/strong>\u00bb, la \u00f3pera de Verdi que estrenar\u00e1 el domingo pr\u00f3ximo. Una de sus compa\u00f1eras de reparto, la soprano georgiana <strong>Nino Mac<\/strong>haidze, ha publicado en su cuenta de Instagram una fotograf\u00eda en la que aparece junto a Pl\u00e1cido Domingo, el tenor <strong>Piotr Beczala<\/strong> y el director de orquesta <strong>James Conlon<\/strong>.<\/p>\n<p>La del domingo ser\u00e1 la primera aparici\u00f3n p\u00fablica de Pl\u00e1cido Domingo tras el esc\u00e1ndalo. Ese d\u00eda -y tambi\u00e9n el 31 de agosto- cantar\u00e1 \u00abLuisa Miller\u00bb, de Verdi, en versi\u00f3n de concierto. Adem\u00e1s de Nino Machaidze y Piotr Beczala, el reparto incluye a <strong>Roberto Tagliavini, Yulia Matochkina, Cecilia Molinari <\/strong>y <strong>John Relyea<\/strong>.<\/p>\n<p>ABC Cultura<\/p>\n","protected":false},"excerpt":{"rendered":"<p>Apenas una semana despu\u00e9s de que estallara la tormenta desatada <a href=\"https:\/\/sertv.gob.pa\/crisolfm\/placido-domingo-reaparece-en-salzburgo-despues-de-la-tormenta-de-las-acusaciones-de-acoso-sexual\/\"> [&#8230;]<\/a><\/p>\n","protected":false},"author":64,"featured_media":21643,"comment_status":"closed","ping_status":"closed","sticky":false,"template":"","format":"standard","meta":{"footnotes":""},"categories":[6],"tags":[],"class_list":["post-21642","post","type-post","status-publish","format-standard","has-post-thumbnail","hentry","category-culturales"],"_links":{"self":[{"href":"https:\/\/sertv.gob.pa\/crisolfm\/wp-json\/wp\/v2\/posts\/21642","targetHints":{"allow":["GET"]}}],"collection":[{"href":"https:\/\/sertv.gob.pa\/crisolfm\/wp-json\/wp\/v2\/posts"}],"about":[{"href":"https:\/\/sertv.gob.pa\/crisolfm\/wp-json\/wp\/v2\/types\/post"}],"author":[{"embeddable":true,"href":"https:\/\/sertv.gob.pa\/crisolfm\/wp-json\/wp\/v2\/users\/64"}],"replies":[{"embeddable":true,"href":"https:\/\/sertv.gob.pa\/crisolfm\/wp-json\/wp\/v2\/comments?post=21642"}],"version-history":[{"count":1,"href":"https:\/\/sertv.gob.pa\/crisolfm\/wp-json\/wp\/v2\/posts\/21642\/revisions"}],"predecessor-version":[{"id":21644,"href":"https:\/\/sertv.gob.pa\/crisolfm\/wp-json\/wp\/v2\/posts\/21642\/revisions\/21644"}],"wp:featuredmedia":[{"embeddable":true,"href":"https:\/\/sertv.gob.pa\/crisolfm\/wp-json\/wp\/v2\/media\/21643"}],"wp:attachment":[{"href":"https:\/\/sertv.gob.pa\/crisolfm\/wp-json\/wp\/v2\/media?parent=21642"}],"wp:term":[{"taxonomy":"category","embeddable":true,"href":"https:\/\/sertv.gob.pa\/crisolfm\/wp-json\/wp\/v2\/categories?post=21642"},{"taxonomy":"post_tag","embeddable":true,"href":"https:\/\/sertv.gob.pa\/crisolfm\/wp-json\/wp\/v2\/tags?post=21642"}],"curies":[{"name":"wp","href":"https:\/\/api.w.org\/{rel}","templated":true}]}}