{"id":21651,"date":"2019-08-22T13:45:48","date_gmt":"2019-08-22T13:45:48","guid":{"rendered":"https:\/\/sertv.gob.pa\/crisolfm\/?p=21651"},"modified":"2019-08-22T13:45:48","modified_gmt":"2019-08-22T13:45:48","slug":"los-ninos-llegan-a-la-feria-del-libro-a-colorear-se-debe-fomentar-mas-la-lectura","status":"publish","type":"post","link":"https:\/\/sertv.gob.pa\/crisolfm\/los-ninos-llegan-a-la-feria-del-libro-a-colorear-se-debe-fomentar-mas-la-lectura\/","title":{"rendered":"\u201cLos ni\u00f1os llegan a la Feria del Libro a colorear, se debe fomentar m\u00e1s la lectura\u201d"},"content":{"rendered":"<p>La escritora Evelyn Ugalde, que imparti\u00f3 un taller de estrategias de animaci\u00f3n de lectura, en colaboraci\u00f3n con el Ministerio de Educaci\u00f3n (Meduca), destac\u00f3 la importancia de crear un mayor acercamiento de los ni\u00f1os a los escritores en un ambiente creativo que los incentive a leer.<\/p>\n<p>\u2018Percib\u00ed, durante la Feria del Libro, que a los ni\u00f1os paname\u00f1os les gusta la lectura, pero se les debe crear momentos de eternidad mediante el fomento de lectura para que no sea solamente ponerlos a colorear, porque es lo mismo que hacen en la escuela, llegan a hacer lo mismo, solo que a otro sitio&#8217;, a\u00f1adio Ugalde.<\/p>\n<p>Con la mirada franca y una forma desenvuelta y cercana de expresarse, la periodista, escritora y editora, quien adem\u00e1s cuenta con una trayectoria de 20 a\u00f1os como promotora cultural de lectura y ha escrito seis libros infantiles, imparti\u00f3 su taller que consisti\u00f3 en ayudar a bibliotec\u00f3logos, profesores, promotores y escritores de literatura infantil, a fomentar la lectura para los estudiantes desde la infancia, hasta la secundaria.<\/p>\n<p>&nbsp;<\/p>\n","protected":false},"excerpt":{"rendered":"<p>La escritora Evelyn Ugalde, que imparti\u00f3 un taller de estrategias <a href=\"https:\/\/sertv.gob.pa\/crisolfm\/los-ninos-llegan-a-la-feria-del-libro-a-colorear-se-debe-fomentar-mas-la-lectura\/\"> [&#8230;]<\/a><\/p>\n","protected":false},"author":64,"featured_media":21652,"comment_status":"closed","ping_status":"closed","sticky":false,"template":"","format":"standard","meta":{"footnotes":""},"categories":[6],"tags":[],"class_list":["post-21651","post","type-post","status-publish","format-standard","has-post-thumbnail","hentry","category-culturales"],"_links":{"self":[{"href":"https:\/\/sertv.gob.pa\/crisolfm\/wp-json\/wp\/v2\/posts\/21651","targetHints":{"allow":["GET"]}}],"collection":[{"href":"https:\/\/sertv.gob.pa\/crisolfm\/wp-json\/wp\/v2\/posts"}],"about":[{"href":"https:\/\/sertv.gob.pa\/crisolfm\/wp-json\/wp\/v2\/types\/post"}],"author":[{"embeddable":true,"href":"https:\/\/sertv.gob.pa\/crisolfm\/wp-json\/wp\/v2\/users\/64"}],"replies":[{"embeddable":true,"href":"https:\/\/sertv.gob.pa\/crisolfm\/wp-json\/wp\/v2\/comments?post=21651"}],"version-history":[{"count":1,"href":"https:\/\/sertv.gob.pa\/crisolfm\/wp-json\/wp\/v2\/posts\/21651\/revisions"}],"predecessor-version":[{"id":21653,"href":"https:\/\/sertv.gob.pa\/crisolfm\/wp-json\/wp\/v2\/posts\/21651\/revisions\/21653"}],"wp:featuredmedia":[{"embeddable":true,"href":"https:\/\/sertv.gob.pa\/crisolfm\/wp-json\/wp\/v2\/media\/21652"}],"wp:attachment":[{"href":"https:\/\/sertv.gob.pa\/crisolfm\/wp-json\/wp\/v2\/media?parent=21651"}],"wp:term":[{"taxonomy":"category","embeddable":true,"href":"https:\/\/sertv.gob.pa\/crisolfm\/wp-json\/wp\/v2\/categories?post=21651"},{"taxonomy":"post_tag","embeddable":true,"href":"https:\/\/sertv.gob.pa\/crisolfm\/wp-json\/wp\/v2\/tags?post=21651"}],"curies":[{"name":"wp","href":"https:\/\/api.w.org\/{rel}","templated":true}]}}