{"id":21657,"date":"2019-08-22T14:09:42","date_gmt":"2019-08-22T14:09:42","guid":{"rendered":"https:\/\/sertv.gob.pa\/crisolfm\/?p=21657"},"modified":"2019-08-22T14:09:42","modified_gmt":"2019-08-22T14:09:42","slug":"en-escena-los-panamenos-somos-refistuleros-y-rambuleros-en-el-teatro-nacional","status":"publish","type":"post","link":"https:\/\/sertv.gob.pa\/crisolfm\/en-escena-los-panamenos-somos-refistuleros-y-rambuleros-en-el-teatro-nacional\/","title":{"rendered":"En escena \u201cLos paname\u00f1os somos refistuleros y rambuleros\u201d, en el Teatro Nacional"},"content":{"rendered":"<p>Nyra Sober\u00f3n Torchia y Ana Mar\u00eda Su\u00e1rez comparten una misma curiosidad: el comportamiento gestual del paname\u00f1o. El inter\u00e9s en ambas se convirti\u00f3 en la puesta en escena &#8216;Refistulero o el mito de la rambuler\u00eda istme\u00f1a&#8217; que se presentar\u00e1 del 23 al 24 de octubre de 2019 en el Teatro Nacional.<\/p>\n<p>La obra de 6 actos recoge \u00abla idea de que en diferentes momentos hist\u00f3ricos han participado (en Panam\u00e1) personas de distintas culturas que no hablaban el mismo idioma, entonces fue necesario el desarrollo del gesto como una manera de comunicaci\u00f3n\u00bb, detalla Sober\u00f3n, una de las codirectoras de la actividad.<\/p>\n<p>De acuerdo con Sober\u00f3n, esta obra es un homenaje al gesto cultural paname\u00f1o porque es un elemento \u00abvalioso para las artes esc\u00e9nicas&#8230;, \u00bfc\u00f3mo t\u00fa no vas a incorporarlo como un elemento esc\u00e9nico de gran valor?, y encima tiene una gran connotaci\u00f3n\u00bb.<\/p>\n<p>Este proyecto es el ganador del Programa de Cooperaci\u00f3n Iberoamericana para las Artes Esc\u00e9nicas (Iberescena) 2018-2019.<\/p>\n<p>&nbsp;<\/p>\n","protected":false},"excerpt":{"rendered":"<p>Nyra Sober\u00f3n Torchia y Ana Mar\u00eda Su\u00e1rez comparten una misma <a href=\"https:\/\/sertv.gob.pa\/crisolfm\/en-escena-los-panamenos-somos-refistuleros-y-rambuleros-en-el-teatro-nacional\/\"> [&#8230;]<\/a><\/p>\n","protected":false},"author":64,"featured_media":21658,"comment_status":"closed","ping_status":"closed","sticky":false,"template":"","format":"standard","meta":{"footnotes":""},"categories":[6],"tags":[],"class_list":["post-21657","post","type-post","status-publish","format-standard","has-post-thumbnail","hentry","category-culturales"],"_links":{"self":[{"href":"https:\/\/sertv.gob.pa\/crisolfm\/wp-json\/wp\/v2\/posts\/21657","targetHints":{"allow":["GET"]}}],"collection":[{"href":"https:\/\/sertv.gob.pa\/crisolfm\/wp-json\/wp\/v2\/posts"}],"about":[{"href":"https:\/\/sertv.gob.pa\/crisolfm\/wp-json\/wp\/v2\/types\/post"}],"author":[{"embeddable":true,"href":"https:\/\/sertv.gob.pa\/crisolfm\/wp-json\/wp\/v2\/users\/64"}],"replies":[{"embeddable":true,"href":"https:\/\/sertv.gob.pa\/crisolfm\/wp-json\/wp\/v2\/comments?post=21657"}],"version-history":[{"count":1,"href":"https:\/\/sertv.gob.pa\/crisolfm\/wp-json\/wp\/v2\/posts\/21657\/revisions"}],"predecessor-version":[{"id":21659,"href":"https:\/\/sertv.gob.pa\/crisolfm\/wp-json\/wp\/v2\/posts\/21657\/revisions\/21659"}],"wp:featuredmedia":[{"embeddable":true,"href":"https:\/\/sertv.gob.pa\/crisolfm\/wp-json\/wp\/v2\/media\/21658"}],"wp:attachment":[{"href":"https:\/\/sertv.gob.pa\/crisolfm\/wp-json\/wp\/v2\/media?parent=21657"}],"wp:term":[{"taxonomy":"category","embeddable":true,"href":"https:\/\/sertv.gob.pa\/crisolfm\/wp-json\/wp\/v2\/categories?post=21657"},{"taxonomy":"post_tag","embeddable":true,"href":"https:\/\/sertv.gob.pa\/crisolfm\/wp-json\/wp\/v2\/tags?post=21657"}],"curies":[{"name":"wp","href":"https:\/\/api.w.org\/{rel}","templated":true}]}}