{"id":21660,"date":"2019-08-22T14:17:27","date_gmt":"2019-08-22T14:17:27","guid":{"rendered":"https:\/\/sertv.gob.pa\/crisolfm\/?p=21660"},"modified":"2019-08-22T14:17:27","modified_gmt":"2019-08-22T14:17:27","slug":"movimiento-juventudes-por-el-clima-protestaran-manana-frente-a-embajadas-de-brasil","status":"publish","type":"post","link":"https:\/\/sertv.gob.pa\/crisolfm\/movimiento-juventudes-por-el-clima-protestaran-manana-frente-a-embajadas-de-brasil\/","title":{"rendered":"Movimiento Juventudes por el Clima protestar\u00e1n ma\u00f1ana frente a embajadas de Brasil"},"content":{"rendered":"<p>Los integrantes del movimiento Juventudes por el Clima se plantar\u00e1n el viernes frente a las embajadas de Brasil en todo el mundo para reclamar al Gobierno del presidente Jair Bolsonaro acciones contra los incendios forestales que se est\u00e1n produciendo en la regi\u00f3n amaz\u00f3nica de ese pa\u00eds sudamericano.<\/p>\n<p>Este \u00abno es un problema local\u00bb, sino un \u00abproblema que tiene repercusiones globales\u00bb, asevera en un comunicado la organizaci\u00f3n juvenil, que insta a los pol\u00edticos de todo el mundo a tomar medidas y denunciar la destrucci\u00f3n de ese ecosistema esencial.<\/p>\n<p>\u00abAunque somos de muchos pa\u00edses y culturas diferentes, y tenemos visiones diferentes del mundo, todos nos mantendremos unidos detr\u00e1s de un objetivo com\u00fan: expresar nuestra consternaci\u00f3n y enfado por las pol\u00edticas del Gobierno brasile\u00f1o que aceleran enormemente la crisis clim\u00e1tica\u00bb, agrega el comunicado.<\/p>\n<p>EFE<\/p>\n<p>&nbsp;<\/p>\n","protected":false},"excerpt":{"rendered":"<p>Los integrantes del movimiento Juventudes por el Clima se plantar\u00e1n <a href=\"https:\/\/sertv.gob.pa\/crisolfm\/movimiento-juventudes-por-el-clima-protestaran-manana-frente-a-embajadas-de-brasil\/\"> [&#8230;]<\/a><\/p>\n","protected":false},"author":64,"featured_media":21661,"comment_status":"closed","ping_status":"closed","sticky":false,"template":"","format":"standard","meta":{"footnotes":""},"categories":[7],"tags":[],"class_list":["post-21660","post","type-post","status-publish","format-standard","has-post-thumbnail","hentry","category-ecologicas"],"_links":{"self":[{"href":"https:\/\/sertv.gob.pa\/crisolfm\/wp-json\/wp\/v2\/posts\/21660","targetHints":{"allow":["GET"]}}],"collection":[{"href":"https:\/\/sertv.gob.pa\/crisolfm\/wp-json\/wp\/v2\/posts"}],"about":[{"href":"https:\/\/sertv.gob.pa\/crisolfm\/wp-json\/wp\/v2\/types\/post"}],"author":[{"embeddable":true,"href":"https:\/\/sertv.gob.pa\/crisolfm\/wp-json\/wp\/v2\/users\/64"}],"replies":[{"embeddable":true,"href":"https:\/\/sertv.gob.pa\/crisolfm\/wp-json\/wp\/v2\/comments?post=21660"}],"version-history":[{"count":1,"href":"https:\/\/sertv.gob.pa\/crisolfm\/wp-json\/wp\/v2\/posts\/21660\/revisions"}],"predecessor-version":[{"id":21662,"href":"https:\/\/sertv.gob.pa\/crisolfm\/wp-json\/wp\/v2\/posts\/21660\/revisions\/21662"}],"wp:featuredmedia":[{"embeddable":true,"href":"https:\/\/sertv.gob.pa\/crisolfm\/wp-json\/wp\/v2\/media\/21661"}],"wp:attachment":[{"href":"https:\/\/sertv.gob.pa\/crisolfm\/wp-json\/wp\/v2\/media?parent=21660"}],"wp:term":[{"taxonomy":"category","embeddable":true,"href":"https:\/\/sertv.gob.pa\/crisolfm\/wp-json\/wp\/v2\/categories?post=21660"},{"taxonomy":"post_tag","embeddable":true,"href":"https:\/\/sertv.gob.pa\/crisolfm\/wp-json\/wp\/v2\/tags?post=21660"}],"curies":[{"name":"wp","href":"https:\/\/api.w.org\/{rel}","templated":true}]}}