{"id":21669,"date":"2019-08-22T15:16:43","date_gmt":"2019-08-22T15:16:43","guid":{"rendered":"https:\/\/sertv.gob.pa\/crisolfm\/?p=21669"},"modified":"2019-08-22T15:16:43","modified_gmt":"2019-08-22T15:16:43","slug":"tradicional-parada-de-las-flores-sera-celebrada-en-tierras-altas-chiriqui","status":"publish","type":"post","link":"https:\/\/sertv.gob.pa\/crisolfm\/tradicional-parada-de-las-flores-sera-celebrada-en-tierras-altas-chiriqui\/","title":{"rendered":"Tradicional parada de las Flores ser\u00e1 celebrada en Tierras Altas, Chiriqu\u00ed"},"content":{"rendered":"<p>El distrito de Tierras Altas, en Chiriqu\u00ed, se prepara y engalana sus calles para recibir a visitantes de todo el mundo en la Parada de las Flores, del 31 de agosto al 2 de septiembre del 2019.\u00a0 La actividad convoca cada a\u00f1o a miles de personas que disfrutan de los dise\u00f1os florales que adornan las principales v\u00edas de Volc\u00e1n.<\/p>\n<p>H\u00e9ctor \u00c1lvarez, director de la Autoridad de Turismo en Chiriqu\u00ed, expres\u00f3 que la festividad es de suma importancia para la regi\u00f3n, ya que es el tercer acontecimiento m\u00e1s grande de la provincia y representa un reactivante econ\u00f3mico para los comercios de la localidad.<\/p>\n<p>Durante 4 d\u00edas, nacionales y extranjeros podr\u00e1n disfrutar de los eventos que se desarrollar\u00e1n desde el Colegio Agr\u00edcola de San Benito y que incluyen desde presentaciones folcl\u00f3ricas hasta pasarela de mascotas.<\/p>\n<p>Seg\u00fan \u00c1lvarez, la Autoridad de Turismo prev\u00e9 un incremento del 5% en visitantes para esta quinta versi\u00f3n de la Parada de las Flores, que desde ya est\u00e1 generando gran inter\u00e9s entre el p\u00fablico internacional.<\/p>\n<p>&nbsp;<\/p>\n<p>&nbsp;<\/p>\n","protected":false},"excerpt":{"rendered":"<p>El distrito de Tierras Altas, en Chiriqu\u00ed, se prepara y <a href=\"https:\/\/sertv.gob.pa\/crisolfm\/tradicional-parada-de-las-flores-sera-celebrada-en-tierras-altas-chiriqui\/\"> [&#8230;]<\/a><\/p>\n","protected":false},"author":64,"featured_media":21670,"comment_status":"closed","ping_status":"closed","sticky":false,"template":"","format":"standard","meta":{"footnotes":""},"categories":[6],"tags":[],"class_list":["post-21669","post","type-post","status-publish","format-standard","has-post-thumbnail","hentry","category-culturales"],"_links":{"self":[{"href":"https:\/\/sertv.gob.pa\/crisolfm\/wp-json\/wp\/v2\/posts\/21669","targetHints":{"allow":["GET"]}}],"collection":[{"href":"https:\/\/sertv.gob.pa\/crisolfm\/wp-json\/wp\/v2\/posts"}],"about":[{"href":"https:\/\/sertv.gob.pa\/crisolfm\/wp-json\/wp\/v2\/types\/post"}],"author":[{"embeddable":true,"href":"https:\/\/sertv.gob.pa\/crisolfm\/wp-json\/wp\/v2\/users\/64"}],"replies":[{"embeddable":true,"href":"https:\/\/sertv.gob.pa\/crisolfm\/wp-json\/wp\/v2\/comments?post=21669"}],"version-history":[{"count":1,"href":"https:\/\/sertv.gob.pa\/crisolfm\/wp-json\/wp\/v2\/posts\/21669\/revisions"}],"predecessor-version":[{"id":21671,"href":"https:\/\/sertv.gob.pa\/crisolfm\/wp-json\/wp\/v2\/posts\/21669\/revisions\/21671"}],"wp:featuredmedia":[{"embeddable":true,"href":"https:\/\/sertv.gob.pa\/crisolfm\/wp-json\/wp\/v2\/media\/21670"}],"wp:attachment":[{"href":"https:\/\/sertv.gob.pa\/crisolfm\/wp-json\/wp\/v2\/media?parent=21669"}],"wp:term":[{"taxonomy":"category","embeddable":true,"href":"https:\/\/sertv.gob.pa\/crisolfm\/wp-json\/wp\/v2\/categories?post=21669"},{"taxonomy":"post_tag","embeddable":true,"href":"https:\/\/sertv.gob.pa\/crisolfm\/wp-json\/wp\/v2\/tags?post=21669"}],"curies":[{"name":"wp","href":"https:\/\/api.w.org\/{rel}","templated":true}]}}