{"id":21689,"date":"2019-08-23T13:23:03","date_gmt":"2019-08-23T13:23:03","guid":{"rendered":"https:\/\/sertv.gob.pa\/crisolfm\/?p=21689"},"modified":"2019-08-23T13:23:03","modified_gmt":"2019-08-23T13:23:03","slug":"pasarelas-de-la-india-dedican-un-capitulo-a-la-moda-sostenible","status":"publish","type":"post","link":"https:\/\/sertv.gob.pa\/crisolfm\/pasarelas-de-la-india-dedican-un-capitulo-a-la-moda-sostenible\/","title":{"rendered":"Pasarelas de la India dedican un cap\u00edtulo a la moda sostenible"},"content":{"rendered":"<p>\u00abLa moda sostenible est\u00e1 repuntando en la India, y algunos productos est\u00e1n mostrado un valioso potencial\u00bb. La Semana de la Moda de Bombay, uno de los eventos m\u00e1s importantes de las pasarelas de la India, dedica el jueves un cap\u00edtulo de su edici\u00f3n 2019 al dise\u00f1o de productos que contribuyen a la preservaci\u00f3n del medio ambiente.<\/p>\n<p>Las fibras naturales, las piezas de desecho, los tejidos a mano, algod\u00f3n, los pigmentos naturales, y el marfil vegetal fueron algunas de las piezas clave para varios de los m\u00e1s reconocidos dise\u00f1adores y casas de moda de la India para esta edici\u00f3n.<\/p>\n<p>\u00abLa moda sostenible est\u00e1 repuntando en la India, y algunos productos est\u00e1n mostrado un valioso potencial\u00bb, apunta a Efe la dise\u00f1adora Karishma Shahani Shah que dirige una de las colecciones presentada en el D\u00eda de la Moda Sostenible en la glamurosa ciudad porte\u00f1a.<\/p>\n<p>EFE<\/p>\n","protected":false},"excerpt":{"rendered":"<p>\u00abLa moda sostenible est\u00e1 repuntando en la India, y algunos <a href=\"https:\/\/sertv.gob.pa\/crisolfm\/pasarelas-de-la-india-dedican-un-capitulo-a-la-moda-sostenible\/\"> [&#8230;]<\/a><\/p>\n","protected":false},"author":64,"featured_media":21690,"comment_status":"closed","ping_status":"closed","sticky":false,"template":"","format":"standard","meta":{"footnotes":""},"categories":[7],"tags":[],"class_list":["post-21689","post","type-post","status-publish","format-standard","has-post-thumbnail","hentry","category-ecologicas"],"_links":{"self":[{"href":"https:\/\/sertv.gob.pa\/crisolfm\/wp-json\/wp\/v2\/posts\/21689","targetHints":{"allow":["GET"]}}],"collection":[{"href":"https:\/\/sertv.gob.pa\/crisolfm\/wp-json\/wp\/v2\/posts"}],"about":[{"href":"https:\/\/sertv.gob.pa\/crisolfm\/wp-json\/wp\/v2\/types\/post"}],"author":[{"embeddable":true,"href":"https:\/\/sertv.gob.pa\/crisolfm\/wp-json\/wp\/v2\/users\/64"}],"replies":[{"embeddable":true,"href":"https:\/\/sertv.gob.pa\/crisolfm\/wp-json\/wp\/v2\/comments?post=21689"}],"version-history":[{"count":1,"href":"https:\/\/sertv.gob.pa\/crisolfm\/wp-json\/wp\/v2\/posts\/21689\/revisions"}],"predecessor-version":[{"id":21691,"href":"https:\/\/sertv.gob.pa\/crisolfm\/wp-json\/wp\/v2\/posts\/21689\/revisions\/21691"}],"wp:featuredmedia":[{"embeddable":true,"href":"https:\/\/sertv.gob.pa\/crisolfm\/wp-json\/wp\/v2\/media\/21690"}],"wp:attachment":[{"href":"https:\/\/sertv.gob.pa\/crisolfm\/wp-json\/wp\/v2\/media?parent=21689"}],"wp:term":[{"taxonomy":"category","embeddable":true,"href":"https:\/\/sertv.gob.pa\/crisolfm\/wp-json\/wp\/v2\/categories?post=21689"},{"taxonomy":"post_tag","embeddable":true,"href":"https:\/\/sertv.gob.pa\/crisolfm\/wp-json\/wp\/v2\/tags?post=21689"}],"curies":[{"name":"wp","href":"https:\/\/api.w.org\/{rel}","templated":true}]}}