{"id":21692,"date":"2019-08-23T13:31:56","date_gmt":"2019-08-23T13:31:56","guid":{"rendered":"https:\/\/sertv.gob.pa\/crisolfm\/?p=21692"},"modified":"2019-08-23T13:31:56","modified_gmt":"2019-08-23T13:31:56","slug":"grupo-folklorico-de-panama-demuestra-su-talento-por-europa","status":"publish","type":"post","link":"https:\/\/sertv.gob.pa\/crisolfm\/grupo-folklorico-de-panama-demuestra-su-talento-por-europa\/","title":{"rendered":"Grupo folkl\u00f3rico de Panam\u00e1 demuestra su talento por Europa"},"content":{"rendered":"<p>La <strong>agrupaci\u00f3n folkl\u00f3rica paname\u00f1a,<\/strong> Atenay Batista, ha tenido la oportunidad de viajar al Festival Mundial de Folkl\u00f3re de Jambes-Namur (Festival Mondial de Folklore de Jambes-Namur), <strong>al mismo tiempo ser la imagen de esta actividad internacional.<\/strong><\/p>\n<p>Rub\u00e9n Montenegro, <strong>quien forma parte de este grupo conformado por m\u00e1s de 30 bailarines<\/strong>, relata que han tenido la oportunidad de compartir con artistas de otros pa\u00edses como B\u00e9lgica, Taiw\u00e1n, Francia, Kenya y Ucrania, lo hermoso de la cultura paname\u00f1a.<\/p>\n<p>Aunque no se entregaron premios por su participaci\u00f3n,<strong> el bailar\u00edn asegura que la oportunidad ha sido muy buena<\/strong>, pues han podido reunirse con personalidades de ese pa\u00eds y se le hizo entrega a unos obsequios y artesan\u00edas paname\u00f1as. La gira art\u00edstica de estos chicos <strong>no ser\u00e1 en B\u00e9lgica nada m\u00e1s, igualmente recorrer\u00e1n Francia, Espa\u00f1a y Alemania<\/strong>. Ellos volver\u00e1n a fin de mes.<\/p>\n<p>&nbsp;<\/p>\n","protected":false},"excerpt":{"rendered":"<p>La agrupaci\u00f3n folkl\u00f3rica paname\u00f1a, Atenay Batista, ha tenido la oportunidad <a href=\"https:\/\/sertv.gob.pa\/crisolfm\/grupo-folklorico-de-panama-demuestra-su-talento-por-europa\/\"> [&#8230;]<\/a><\/p>\n","protected":false},"author":64,"featured_media":21694,"comment_status":"closed","ping_status":"closed","sticky":false,"template":"","format":"standard","meta":{"footnotes":""},"categories":[6],"tags":[],"class_list":["post-21692","post","type-post","status-publish","format-standard","has-post-thumbnail","hentry","category-culturales"],"_links":{"self":[{"href":"https:\/\/sertv.gob.pa\/crisolfm\/wp-json\/wp\/v2\/posts\/21692","targetHints":{"allow":["GET"]}}],"collection":[{"href":"https:\/\/sertv.gob.pa\/crisolfm\/wp-json\/wp\/v2\/posts"}],"about":[{"href":"https:\/\/sertv.gob.pa\/crisolfm\/wp-json\/wp\/v2\/types\/post"}],"author":[{"embeddable":true,"href":"https:\/\/sertv.gob.pa\/crisolfm\/wp-json\/wp\/v2\/users\/64"}],"replies":[{"embeddable":true,"href":"https:\/\/sertv.gob.pa\/crisolfm\/wp-json\/wp\/v2\/comments?post=21692"}],"version-history":[{"count":1,"href":"https:\/\/sertv.gob.pa\/crisolfm\/wp-json\/wp\/v2\/posts\/21692\/revisions"}],"predecessor-version":[{"id":21695,"href":"https:\/\/sertv.gob.pa\/crisolfm\/wp-json\/wp\/v2\/posts\/21692\/revisions\/21695"}],"wp:featuredmedia":[{"embeddable":true,"href":"https:\/\/sertv.gob.pa\/crisolfm\/wp-json\/wp\/v2\/media\/21694"}],"wp:attachment":[{"href":"https:\/\/sertv.gob.pa\/crisolfm\/wp-json\/wp\/v2\/media?parent=21692"}],"wp:term":[{"taxonomy":"category","embeddable":true,"href":"https:\/\/sertv.gob.pa\/crisolfm\/wp-json\/wp\/v2\/categories?post=21692"},{"taxonomy":"post_tag","embeddable":true,"href":"https:\/\/sertv.gob.pa\/crisolfm\/wp-json\/wp\/v2\/tags?post=21692"}],"curies":[{"name":"wp","href":"https:\/\/api.w.org\/{rel}","templated":true}]}}