{"id":21705,"date":"2019-08-23T14:28:59","date_gmt":"2019-08-23T14:28:59","guid":{"rendered":"https:\/\/sertv.gob.pa\/crisolfm\/?p=21705"},"modified":"2019-08-23T14:28:59","modified_gmt":"2019-08-23T14:28:59","slug":"la-ce-preparada-para-enviar-ayuda-contra-los-incendios-en-la-amazonia","status":"publish","type":"post","link":"https:\/\/sertv.gob.pa\/crisolfm\/la-ce-preparada-para-enviar-ayuda-contra-los-incendios-en-la-amazonia\/","title":{"rendered":"La CE preparada para enviar ayuda contra los incendios en la Amazon\u00eda"},"content":{"rendered":"<p>La Comisi\u00f3n Europea (CE) asegur\u00f3 hoy que est\u00e1 preparada para proporcionar asistencia a las autoridades de Brasil y Bolivia en la lucha contra los incendios forestales que afectan a m\u00faltiples \u00e1reas de la Amazon\u00eda, ante los que se declar\u00f3 \u00abprofundamente preocupada\u00bb.<\/p>\n<p>\u00abEstamos en contacto con las autoridades brasile\u00f1as y bolivianas y estamos listos para asistir en cualquier forma que podamos, sea enviando asistencia o activando el sistema de sat\u00e9lites Cop\u00e9rnico\u00bb, dijo la portavoz comunitaria Mina Andreeva en la rueda de prensa diaria de la instituci\u00f3n.<\/p>\n<p>Cop\u00e9rnico es el programa de observaci\u00f3n de la Tierra de la Uni\u00f3n Europea y la Agencia Espacial Europea (ESA) que proporciona informaci\u00f3n para mejorar la protecci\u00f3n del medio ambiente y garantizar la seguridad ciudadana, a trav\u00e9s del cual se pueden obtener mapas del terreno afectado por el fuego.<\/p>\n<p>La portavoz acogi\u00f3 positivamente la intenci\u00f3n del presidente franc\u00e9s, Emmanuel Macron, de debatir los incendios durante la reuni\u00f3n del Grupo de los Siete (G7) pa\u00edses m\u00e1s desarrollados en Biarritz (Francia), donde la Uni\u00f3n Europea estar\u00e1 representada por el presidente del Consejo Europeo, Donald Tusk, y una delegaci\u00f3n de la Comisi\u00f3n.<\/p>\n<p>\u00abEl sentido de urgencia est\u00e1 garantizado\u00bb, se\u00f1al\u00f3 la portavoz, que lament\u00f3 los incendios en \u00abla mayor selva del mundo\u00bb que \u00abacoge a una d\u00e9cima parte de todas las especies del mundo\u00bb.<\/p>\n<p>EFE<\/p>\n","protected":false},"excerpt":{"rendered":"<p>La Comisi\u00f3n Europea (CE) asegur\u00f3 hoy que est\u00e1 preparada para <a href=\"https:\/\/sertv.gob.pa\/crisolfm\/la-ce-preparada-para-enviar-ayuda-contra-los-incendios-en-la-amazonia\/\"> [&#8230;]<\/a><\/p>\n","protected":false},"author":64,"featured_media":21706,"comment_status":"closed","ping_status":"closed","sticky":false,"template":"","format":"standard","meta":{"footnotes":""},"categories":[7],"tags":[],"class_list":["post-21705","post","type-post","status-publish","format-standard","has-post-thumbnail","hentry","category-ecologicas"],"_links":{"self":[{"href":"https:\/\/sertv.gob.pa\/crisolfm\/wp-json\/wp\/v2\/posts\/21705","targetHints":{"allow":["GET"]}}],"collection":[{"href":"https:\/\/sertv.gob.pa\/crisolfm\/wp-json\/wp\/v2\/posts"}],"about":[{"href":"https:\/\/sertv.gob.pa\/crisolfm\/wp-json\/wp\/v2\/types\/post"}],"author":[{"embeddable":true,"href":"https:\/\/sertv.gob.pa\/crisolfm\/wp-json\/wp\/v2\/users\/64"}],"replies":[{"embeddable":true,"href":"https:\/\/sertv.gob.pa\/crisolfm\/wp-json\/wp\/v2\/comments?post=21705"}],"version-history":[{"count":1,"href":"https:\/\/sertv.gob.pa\/crisolfm\/wp-json\/wp\/v2\/posts\/21705\/revisions"}],"predecessor-version":[{"id":21707,"href":"https:\/\/sertv.gob.pa\/crisolfm\/wp-json\/wp\/v2\/posts\/21705\/revisions\/21707"}],"wp:featuredmedia":[{"embeddable":true,"href":"https:\/\/sertv.gob.pa\/crisolfm\/wp-json\/wp\/v2\/media\/21706"}],"wp:attachment":[{"href":"https:\/\/sertv.gob.pa\/crisolfm\/wp-json\/wp\/v2\/media?parent=21705"}],"wp:term":[{"taxonomy":"category","embeddable":true,"href":"https:\/\/sertv.gob.pa\/crisolfm\/wp-json\/wp\/v2\/categories?post=21705"},{"taxonomy":"post_tag","embeddable":true,"href":"https:\/\/sertv.gob.pa\/crisolfm\/wp-json\/wp\/v2\/tags?post=21705"}],"curies":[{"name":"wp","href":"https:\/\/api.w.org\/{rel}","templated":true}]}}