{"id":21712,"date":"2019-08-23T15:15:19","date_gmt":"2019-08-23T15:15:19","guid":{"rendered":"https:\/\/sertv.gob.pa\/crisolfm\/?p=21712"},"modified":"2019-08-23T15:15:19","modified_gmt":"2019-08-23T15:15:19","slug":"el-cambio-climatico-amenaza-a-la-meca","status":"publish","type":"post","link":"https:\/\/sertv.gob.pa\/crisolfm\/el-cambio-climatico-amenaza-a-la-meca\/","title":{"rendered":"El cambio clim\u00e1tico amenaza a \u2018La Meca\u2019"},"content":{"rendered":"<p>Seg\u00fan un nuevo estudio realizado por investigadores del MIT y de California, la temperatura puede subir hasta el punto de que las <strong>personas que acudan al Hajj enfrentan \u00abpeligro extremo\u00bb <\/strong>por los efectos nocivos para la salud. .Este ritual, incluye aproximadamente cinco d\u00edas de actividades, de las cuales 20 a 30 horas implican estar al aire libre.<\/p>\n<p>En un art\u00edculo en la revista Geophysical Review Letters, el profesor de ingenier\u00eda civil y ambiental del MIT, Elfatih Eltahir, y otros dos informan sobre los nuevos hallazgos, que muestran que los riesgos para los participantes del Hajj ya podr\u00edan ser graves este a\u00f1o y el pr\u00f3ximo, as\u00ed como cuando el Hajj, cuyo momento var\u00eda, nuevamente<strong> tiene lugar en los meses de verano m\u00e1s calurosos<\/strong>, que ser\u00e1n de 2047 a 2052 y de 2079 a 2086.<\/p>\n<p>Esto suceder\u00e1 incluso si se toman medidas sustanciales para limitar el impacto del cambio clim\u00e1tico, encuentra el estudio, y sin esas medidas, los peligros ser\u00edan a\u00fan mayores. Por lo tanto, puede ser necesario planificar contramedidas o restricciones a la participaci\u00f3n en la peregrinaci\u00f3n.<\/p>\n<p>El momento del Hajj var\u00eda de un a\u00f1o a otro, explica Eltahir, porque<strong> se basa en el calendario lunar<\/strong> en lugar del calendario solar. Cada a\u00f1o, el Hajj ocurre aproximadamente 11 d\u00edas antes, por lo que solo hay ciertos per\u00edodos de a\u00f1os cuando ocurre durante los meses m\u00e1s calurosos del verano.<\/p>\n<p><strong>ECOticias<\/strong><\/p>\n<p>&nbsp;<\/p>\n","protected":false},"excerpt":{"rendered":"<p>Seg\u00fan un nuevo estudio realizado por investigadores del MIT y <a href=\"https:\/\/sertv.gob.pa\/crisolfm\/el-cambio-climatico-amenaza-a-la-meca\/\"> [&#8230;]<\/a><\/p>\n","protected":false},"author":64,"featured_media":21713,"comment_status":"closed","ping_status":"closed","sticky":false,"template":"","format":"standard","meta":{"footnotes":""},"categories":[7],"tags":[],"class_list":["post-21712","post","type-post","status-publish","format-standard","has-post-thumbnail","hentry","category-ecologicas"],"_links":{"self":[{"href":"https:\/\/sertv.gob.pa\/crisolfm\/wp-json\/wp\/v2\/posts\/21712","targetHints":{"allow":["GET"]}}],"collection":[{"href":"https:\/\/sertv.gob.pa\/crisolfm\/wp-json\/wp\/v2\/posts"}],"about":[{"href":"https:\/\/sertv.gob.pa\/crisolfm\/wp-json\/wp\/v2\/types\/post"}],"author":[{"embeddable":true,"href":"https:\/\/sertv.gob.pa\/crisolfm\/wp-json\/wp\/v2\/users\/64"}],"replies":[{"embeddable":true,"href":"https:\/\/sertv.gob.pa\/crisolfm\/wp-json\/wp\/v2\/comments?post=21712"}],"version-history":[{"count":1,"href":"https:\/\/sertv.gob.pa\/crisolfm\/wp-json\/wp\/v2\/posts\/21712\/revisions"}],"predecessor-version":[{"id":21714,"href":"https:\/\/sertv.gob.pa\/crisolfm\/wp-json\/wp\/v2\/posts\/21712\/revisions\/21714"}],"wp:featuredmedia":[{"embeddable":true,"href":"https:\/\/sertv.gob.pa\/crisolfm\/wp-json\/wp\/v2\/media\/21713"}],"wp:attachment":[{"href":"https:\/\/sertv.gob.pa\/crisolfm\/wp-json\/wp\/v2\/media?parent=21712"}],"wp:term":[{"taxonomy":"category","embeddable":true,"href":"https:\/\/sertv.gob.pa\/crisolfm\/wp-json\/wp\/v2\/categories?post=21712"},{"taxonomy":"post_tag","embeddable":true,"href":"https:\/\/sertv.gob.pa\/crisolfm\/wp-json\/wp\/v2\/tags?post=21712"}],"curies":[{"name":"wp","href":"https:\/\/api.w.org\/{rel}","templated":true}]}}